{"id":19531,"date":"2022-03-17T10:46:55","date_gmt":"2022-03-17T16:46:55","guid":{"rendered":"https:\/\/a3noticias.com.mx\/sandbox\/?p=19531"},"modified":"2022-03-17T10:46:57","modified_gmt":"2022-03-17T16:46:57","slug":"amenazan-a-reporteros-que-cubrian-funeral-de-armando-linares-periodista-asesinado-en-zitacuaro-michoacan","status":"publish","type":"post","link":"https:\/\/a3noticias.com.mx\/sandbox\/2022\/03\/17\/amenazan-a-reporteros-que-cubrian-funeral-de-armando-linares-periodista-asesinado-en-zitacuaro-michoacan\/","title":{"rendered":"Amenazan a reporteros que cubr\u00edan funeral de Armando Linares, periodista asesinado en Zit\u00e1cuaro, Michoac\u00e1n"},"content":{"rendered":"\n<p>Reporteros que cubr\u00edan el funeral del periodista Armando Linares, asesinado la tarde del pasado martes en Zit\u00e1cuaro, Michoac\u00e1n, fueron interceptados en el lugar por comandos armados quienes los obligaron a retirarse del lugar.<\/p>\n\n\n\n<p>Los hechos se dieron en la Funeraria \u201cLos \u00c1ngeles\u201d ubicada en Zit\u00e1cuaro, Michoac\u00e1n, lugar donde ejerc\u00eda su labor period\u00edstica Armando Linares, quien fuera director de Monitor en dicho estado.<\/p>\n\n\n\n<p>El reportero de Milenio Televisi\u00f3n, \u00c9dgar Ledesma, narr\u00f3 para dicho medio de comunicaci\u00f3n que se encontraba buscando entrevistar a la familia del fallecido Armando, cuando de pronto vio acercarse a un hombre de manera sospechosa hacia \u00e9l y el colega con el que se encontraba perteneciente a un medio de comunicaci\u00f3n local.&nbsp;<\/p>\n\n\n\n<p>El sujeto quien llevaba puesta una gorra \u201ccomo de trailero, por su forma\u201d y chamarra de piel color caf\u00e9, realizaba una llamada en donde comunicaba que ya se encontraba en el lugar pero que hab\u00eda muchos medios de comunicaci\u00f3n, seguido de un \u201c\u00bfqu\u00e9 procede?\u201d, para posteriormente retirarse un momento a continuar con su llamada telef\u00f3nica.<\/p>\n\n\n\n<p>De acuerdo con \u00c9dgar, el sujeto regres\u00f3 amenazante y abri\u00f3 su chamarra para que pudiera entrever que portaba un arma de fuego y con palabras altisonantes le dijo que \u201cten\u00eda dos minutos para retirarse o iba a valer\u2026\u201d.<\/p>\n\n\n\n<blockquote class=\"wp-block-quote is-layout-flow wp-block-quote-is-layout-flow\"><p>\u201cEstabamos cubriendo el velorio del colega Armando Linares, cuando un sujeto con pistola en mano nos amenaz\u00f3 con que nos fu\u00e9ramos o \u00edbamos a valer verga\u201d, escribi\u00f3 Ledesma en su cuenta de Twitter.<\/p><\/blockquote>\n\n\n\n<figure class=\"wp-block-embed-twitter wp-block-embed is-type-rich is-provider-twitter\"><div class=\"wp-block-embed__wrapper\">\n<blockquote class=\"twitter-tweet\" data-width=\"550\" data-dnt=\"true\"><p lang=\"es\" dir=\"ltr\">Estabamos cubriendo el velorio del colega Armando Linares, cuando un sujeto con pistola en mano nos amenaz\u00f3 con que nos fu\u00e9ramos o \u201c\u00edbamos a valer verga\u201d. <br><br>As\u00ed la inseguridad en Michoac\u00e1n, y la violencia contra los periodistas.<br><br>Estamos bien. Toda la informaci\u00f3n por Milenio TV. <a href=\"https:\/\/t.co\/X1nyJ3bPE4\">pic.twitter.com\/X1nyJ3bPE4<\/a><\/p>&mdash; Edgar Ledesma (@ledesma13) <a href=\"https:\/\/twitter.com\/ledesma13\/status\/1504231263158345728?ref_src=twsrc%5Etfw\">March 16, 2022<\/a><\/blockquote><script async src=\"https:\/\/platform.twitter.com\/widgets.js\" charset=\"utf-8\"><\/script>\n<\/div><\/figure>\n\n\n\n<p>Finalmente, el reportero decide entrar a la funeraria para advertir a su compa\u00f1ero camar\u00f3grafo que deb\u00edan retirarse del lugar, situaci\u00f3n que alert\u00f3 a los periodistas de otros medios de comunicaci\u00f3n que se encontraban all\u00ed y quienes tambi\u00e9n decidieron irse, sin embargo, al salir del lugar, se percataron que hab\u00eda cerca de cuatro hombres m\u00e1s quienes iban con gorras y amenazaban a los reporteros con que no los voltearan a ver mientras abandonaban el sitio.<\/p>\n\n\n\n<blockquote class=\"wp-block-quote is-layout-flow wp-block-quote-is-layout-flow\"><p>\u201cCuando empezamos a caminar nos empiezan a gritar: ya grabaron lo que quer\u00edan grabar, ya hicieron lo que quer\u00edan hacer, v\u00e1yanse de aqu\u00ed o van a valer\u201d detall\u00f3 Ledesma para Milenio.<\/p><\/blockquote>\n\n\n\n<p>Mientras tanto, el Gobernador de Michoac\u00e1n, Alfredo Ram\u00edrez Bedolla,\u00a0acudi\u00f3 a la Ciudad de M\u00e9xico para reunirse con el presidente Andr\u00e9s Manuel L\u00f3pez Obrador en Palacio Nacional, a fin de atender la situaci\u00f3n de violencia que viven los periodistas en dicha entidad.<\/p>\n\n\n\n<figure class=\"wp-block-embed-twitter wp-block-embed is-type-rich is-provider-twitter\"><div class=\"wp-block-embed__wrapper\">\n<blockquote class=\"twitter-tweet\" data-width=\"550\" data-dnt=\"true\"><p lang=\"es\" dir=\"ltr\">\u25b6\ufe0f &quot;V\u00e1yanse de aqu\u00ed o van a valer&quot;<br><br>Periodistas que cubr\u00edan el funeral de Armando Linares en Zit\u00e1cuaro, Michoac\u00e1n, fueron desalojados del lugar por personas armadas.<br><br>\ud83d\udcfa Los detalles con <a href=\"https:\/\/twitter.com\/ledesma13?ref_src=twsrc%5Etfw\">@ledesma13<\/a> y Elisa Alan\u00eds (<a href=\"https:\/\/twitter.com\/elisaalanis?ref_src=twsrc%5Etfw\">@elisaalanis<\/a>) <a href=\"https:\/\/t.co\/SlWByV304F\">pic.twitter.com\/SlWByV304F<\/a><\/p>&mdash; Milenio (@Milenio) <a href=\"https:\/\/twitter.com\/Milenio\/status\/1504284552356847618?ref_src=twsrc%5Etfw\">March 17, 2022<\/a><\/blockquote><script async src=\"https:\/\/platform.twitter.com\/widgets.js\" charset=\"utf-8\"><\/script>\n<\/div><\/figure>\n","protected":false},"excerpt":{"rendered":"<p>Reporteros que cubr\u00edan el funeral del periodista Armando Linares, asesinado la tarde del pasado martes en Zit\u00e1cuaro, Michoac\u00e1n, fueron interceptados en el lugar por comandos armados quienes los obligaron a &hellip; <a href=\"https:\/\/a3noticias.com.mx\/sandbox\/2022\/03\/17\/amenazan-a-reporteros-que-cubrian-funeral-de-armando-linares-periodista-asesinado-en-zitacuaro-michoacan\/\" class=\"more-link\">Leer m\u00e1s<\/a><\/p>\n","protected":false},"author":4,"featured_media":19532,"comment_status":"open","ping_status":"open","sticky":false,"template":"","format":"standard","meta":{"_monsterinsights_skip_tracking":false,"_monsterinsights_sitenote_active":false,"_monsterinsights_sitenote_note":"","_monsterinsights_sitenote_category":0,"footnotes":""},"categories":[3],"tags":[],"class_list":["post-19531","post","type-post","status-publish","format-standard","has-post-thumbnail","hentry","category-nal","entry"],"aioseo_notices":[],"_links":{"self":[{"href":"https:\/\/a3noticias.com.mx\/sandbox\/wp-json\/wp\/v2\/posts\/19531","targetHints":{"allow":["GET"]}}],"collection":[{"href":"https:\/\/a3noticias.com.mx\/sandbox\/wp-json\/wp\/v2\/posts"}],"about":[{"href":"https:\/\/a3noticias.com.mx\/sandbox\/wp-json\/wp\/v2\/types\/post"}],"author":[{"embeddable":true,"href":"https:\/\/a3noticias.com.mx\/sandbox\/wp-json\/wp\/v2\/users\/4"}],"replies":[{"embeddable":true,"href":"https:\/\/a3noticias.com.mx\/sandbox\/wp-json\/wp\/v2\/comments?post=19531"}],"version-history":[{"count":1,"href":"https:\/\/a3noticias.com.mx\/sandbox\/wp-json\/wp\/v2\/posts\/19531\/revisions"}],"predecessor-version":[{"id":19533,"href":"https:\/\/a3noticias.com.mx\/sandbox\/wp-json\/wp\/v2\/posts\/19531\/revisions\/19533"}],"wp:featuredmedia":[{"embeddable":true,"href":"https:\/\/a3noticias.com.mx\/sandbox\/wp-json\/wp\/v2\/media\/19532"}],"wp:attachment":[{"href":"https:\/\/a3noticias.com.mx\/sandbox\/wp-json\/wp\/v2\/media?parent=19531"}],"wp:term":[{"taxonomy":"category","embeddable":true,"href":"https:\/\/a3noticias.com.mx\/sandbox\/wp-json\/wp\/v2\/categories?post=19531"},{"taxonomy":"post_tag","embeddable":true,"href":"https:\/\/a3noticias.com.mx\/sandbox\/wp-json\/wp\/v2\/tags?post=19531"}],"curies":[{"name":"wp","href":"https:\/\/api.w.org\/{rel}","templated":true}]}}