{"id":19540,"date":"2022-03-17T14:29:29","date_gmt":"2022-03-17T20:29:29","guid":{"rendered":"https:\/\/a3noticias.com.mx\/sandbox\/?p=19540"},"modified":"2022-03-17T14:29:30","modified_gmt":"2022-03-17T20:29:30","slug":"dan-de-alta-al-razor-ultimo-aficionado-del-atlas-hospitalizado","status":"publish","type":"post","link":"https:\/\/a3noticias.com.mx\/sandbox\/2022\/03\/17\/dan-de-alta-al-razor-ultimo-aficionado-del-atlas-hospitalizado\/","title":{"rendered":"Dan de alta al \u201cRazor\u201d \u00faltimo aficionado del Atlas hospitalizado"},"content":{"rendered":"\n<p>Este jueves fue dado de alta y trasladado a Jalisco, Esteban Hern\u00e1ndez, la \u00faltima persona que se encontraba internada en el Hospital General de Quer\u00e9taro por los hechos de violencia ocurridos el pasado 5 de marzo en el Estadio Corregidora.<\/p>\n\n\n\n<p>Esteban, tambi\u00e9n conocido como \u201cEl Razor\u201d, permaneci\u00f3 entubado y en coma inducido desde el 5 de marzo, luego de sufrir un traumatismo craneoencef\u00e1lico derivado de la golpiza entre barristas de los equipos Quer\u00e9taro y Atlas. Fue hasta este domingo cuando se le despert\u00f3 del coma y se le retir\u00f3 la ventilaci\u00f3n asistida.<\/p>\n\n\n\n<p>Esteban fue trasladado en ambulancia a las inmediaciones del antiguo aeropuerto, donde un helic\u00f3ptero del Sistema de Atenci\u00f3n M\u00e9dica de Urgencias (SAMU) de Jalisco, esperaba por \u00e9l para llevarlo de vuelta a su ciudad de origen junto con su madre, suegra y esposa.<\/p>\n\n\n\n<p>El helic\u00f3ptero trasladar\u00e1 a Esteban al Hospital Civil de Jalisco, para que se valore el estado de salud con el que arriba a su estado natal.<\/p>\n\n\n\n<p>Por su parte, el director del Hospital General de Quer\u00e9taro, Leopoldo Espinosa Feregrino,&nbsp;inform\u00f3 que el joven ha evolucionado de manera favorable y que se encuentra fuera de peligro, aunque d\u00e9bil.<\/p>\n\n\n\n<p>Asimismo, Espinosa Feregrino refiri\u00f3 que se mantendr\u00e1 en contacto con Estaban y su familia, a fin de que vuelva en un mes para continuar dando seguimiento a su estado de salud.<\/p>\n\n\n\n<blockquote class=\"wp-block-quote is-layout-flow wp-block-quote-is-layout-flow\"><p>\u201cLe dimos una cita en un mes porque los familiares nos dieron confianza de que les di\u00e9ramos atenci\u00f3n aqu\u00ed\u201d, acot\u00f3.<\/p><\/blockquote>\n\n\n\n<p><\/p>\n","protected":false},"excerpt":{"rendered":"<p>Este jueves fue dado de alta y trasladado a Jalisco, Esteban Hern\u00e1ndez, la \u00faltima persona que se encontraba internada en el Hospital General de Quer\u00e9taro por los hechos de violencia &hellip; <a href=\"https:\/\/a3noticias.com.mx\/sandbox\/2022\/03\/17\/dan-de-alta-al-razor-ultimo-aficionado-del-atlas-hospitalizado\/\" class=\"more-link\">Leer m\u00e1s<\/a><\/p>\n","protected":false},"author":4,"featured_media":19541,"comment_status":"open","ping_status":"open","sticky":false,"template":"","format":"standard","meta":{"_monsterinsights_skip_tracking":false,"_monsterinsights_sitenote_active":false,"_monsterinsights_sitenote_note":"","_monsterinsights_sitenote_category":0,"footnotes":""},"categories":[3],"tags":[],"class_list":["post-19540","post","type-post","status-publish","format-standard","has-post-thumbnail","hentry","category-nal","entry"],"aioseo_notices":[],"_links":{"self":[{"href":"https:\/\/a3noticias.com.mx\/sandbox\/wp-json\/wp\/v2\/posts\/19540","targetHints":{"allow":["GET"]}}],"collection":[{"href":"https:\/\/a3noticias.com.mx\/sandbox\/wp-json\/wp\/v2\/posts"}],"about":[{"href":"https:\/\/a3noticias.com.mx\/sandbox\/wp-json\/wp\/v2\/types\/post"}],"author":[{"embeddable":true,"href":"https:\/\/a3noticias.com.mx\/sandbox\/wp-json\/wp\/v2\/users\/4"}],"replies":[{"embeddable":true,"href":"https:\/\/a3noticias.com.mx\/sandbox\/wp-json\/wp\/v2\/comments?post=19540"}],"version-history":[{"count":1,"href":"https:\/\/a3noticias.com.mx\/sandbox\/wp-json\/wp\/v2\/posts\/19540\/revisions"}],"predecessor-version":[{"id":19542,"href":"https:\/\/a3noticias.com.mx\/sandbox\/wp-json\/wp\/v2\/posts\/19540\/revisions\/19542"}],"wp:featuredmedia":[{"embeddable":true,"href":"https:\/\/a3noticias.com.mx\/sandbox\/wp-json\/wp\/v2\/media\/19541"}],"wp:attachment":[{"href":"https:\/\/a3noticias.com.mx\/sandbox\/wp-json\/wp\/v2\/media?parent=19540"}],"wp:term":[{"taxonomy":"category","embeddable":true,"href":"https:\/\/a3noticias.com.mx\/sandbox\/wp-json\/wp\/v2\/categories?post=19540"},{"taxonomy":"post_tag","embeddable":true,"href":"https:\/\/a3noticias.com.mx\/sandbox\/wp-json\/wp\/v2\/tags?post=19540"}],"curies":[{"name":"wp","href":"https:\/\/api.w.org\/{rel}","templated":true}]}}