{"id":19557,"date":"2022-03-18T11:01:41","date_gmt":"2022-03-18T17:01:41","guid":{"rendered":"https:\/\/a3noticias.com.mx\/sandbox\/?p=19557"},"modified":"2022-03-18T11:01:43","modified_gmt":"2022-03-18T17:01:43","slug":"amlo-celebra-decreto-que-permite-hablar-de-la-revocacion-de-mandato","status":"publish","type":"post","link":"https:\/\/a3noticias.com.mx\/sandbox\/2022\/03\/18\/amlo-celebra-decreto-que-permite-hablar-de-la-revocacion-de-mandato\/","title":{"rendered":"AMLO celebra decreto que permite hablar de la revocaci\u00f3n de mandato."},"content":{"rendered":"\n<p>El presidente Andr\u00e9s Manuel L\u00f3pez Obrador, durante la conferencia \u2018La Ma\u00f1anera\u2019, celebr\u00f3 la aprobaci\u00f3n de reforma que permite a servidores p\u00fablicos promocionar la revocaci\u00f3n de mandato sin recibir sanciones.&nbsp;<\/p>\n\n\n\n<p>El decreto publicado ayer por la noche se\u00f1ala que: \u201cno constituyen propaganda gubernamental las expresiones de las personas servidoras p\u00fablicas, las cuales se encuentran sujetas a los l\u00edmites establecidos en las leyes aplicables\u201d y tampoco es \u201cla informaci\u00f3n de inter\u00e9s p\u00fablico\u201d.<\/p>\n\n\n\n<blockquote class=\"wp-block-quote is-layout-flow wp-block-quote-is-layout-flow\"><p>\u201cQue bien que se hace esta reforma para que todos podamos hablar de la consulta de revocaci\u00f3n de mandato, que se pronuncien los dirigentes de todos los partidos, las c\u00fapulas empresariales, todos\u201d<\/p><\/blockquote>\n\n\n\n<p>Se\u00f1al\u00f3 que la consulta es un avance importante, pues es trascendente, ya que quedar\u00e1 establecido para que cada 3 a\u00f1os el presidente se someta a la consulta de los ciudadanos.<\/p>\n\n\n\n<blockquote class=\"wp-block-quote is-layout-flow wp-block-quote-is-layout-flow\"><p>\u201cYo invito a todos el 10 de abril a participar, no importa que vayan a votar en mi contra, todos deber\u00edan estar llamando a votar, nuestros opositores, todos\u201d, exhort\u00f3 el presidente.<\/p><\/blockquote>\n\n\n\n<p>En ese sentido, el jefe del Ejecutivo federal, asegur\u00f3 que el Instituto Nacional Electoral (INE) est\u00e1 actuando de manera antidemocr\u00e1tica, al no promover la consulta de revocaci\u00f3n de mandato, \u201cest\u00e1 conspirando contra la democracia\u201d.<\/p>\n","protected":false},"excerpt":{"rendered":"<p>El presidente Andr\u00e9s Manuel L\u00f3pez Obrador, durante la conferencia \u2018La Ma\u00f1anera\u2019, celebr\u00f3 la aprobaci\u00f3n de reforma que permite a servidores p\u00fablicos promocionar la revocaci\u00f3n de mandato sin recibir sanciones.&nbsp; El &hellip; <a href=\"https:\/\/a3noticias.com.mx\/sandbox\/2022\/03\/18\/amlo-celebra-decreto-que-permite-hablar-de-la-revocacion-de-mandato\/\" class=\"more-link\">Leer m\u00e1s<\/a><\/p>\n","protected":false},"author":2,"featured_media":19558,"comment_status":"open","ping_status":"open","sticky":false,"template":"","format":"standard","meta":{"_monsterinsights_skip_tracking":false,"_monsterinsights_sitenote_active":false,"_monsterinsights_sitenote_note":"","_monsterinsights_sitenote_category":0,"footnotes":""},"categories":[3],"tags":[],"class_list":["post-19557","post","type-post","status-publish","format-standard","has-post-thumbnail","hentry","category-nal","entry"],"aioseo_notices":[],"_links":{"self":[{"href":"https:\/\/a3noticias.com.mx\/sandbox\/wp-json\/wp\/v2\/posts\/19557","targetHints":{"allow":["GET"]}}],"collection":[{"href":"https:\/\/a3noticias.com.mx\/sandbox\/wp-json\/wp\/v2\/posts"}],"about":[{"href":"https:\/\/a3noticias.com.mx\/sandbox\/wp-json\/wp\/v2\/types\/post"}],"author":[{"embeddable":true,"href":"https:\/\/a3noticias.com.mx\/sandbox\/wp-json\/wp\/v2\/users\/2"}],"replies":[{"embeddable":true,"href":"https:\/\/a3noticias.com.mx\/sandbox\/wp-json\/wp\/v2\/comments?post=19557"}],"version-history":[{"count":1,"href":"https:\/\/a3noticias.com.mx\/sandbox\/wp-json\/wp\/v2\/posts\/19557\/revisions"}],"predecessor-version":[{"id":19559,"href":"https:\/\/a3noticias.com.mx\/sandbox\/wp-json\/wp\/v2\/posts\/19557\/revisions\/19559"}],"wp:featuredmedia":[{"embeddable":true,"href":"https:\/\/a3noticias.com.mx\/sandbox\/wp-json\/wp\/v2\/media\/19558"}],"wp:attachment":[{"href":"https:\/\/a3noticias.com.mx\/sandbox\/wp-json\/wp\/v2\/media?parent=19557"}],"wp:term":[{"taxonomy":"category","embeddable":true,"href":"https:\/\/a3noticias.com.mx\/sandbox\/wp-json\/wp\/v2\/categories?post=19557"},{"taxonomy":"post_tag","embeddable":true,"href":"https:\/\/a3noticias.com.mx\/sandbox\/wp-json\/wp\/v2\/tags?post=19557"}],"curies":[{"name":"wp","href":"https:\/\/api.w.org\/{rel}","templated":true}]}}