{"id":19569,"date":"2022-03-18T14:25:33","date_gmt":"2022-03-18T20:25:33","guid":{"rendered":"https:\/\/a3noticias.com.mx\/sandbox\/?p=19569"},"modified":"2022-03-18T14:25:34","modified_gmt":"2022-03-18T20:25:34","slug":"fmf-y-liga-mx-presentan-a-diputados-plan-para-eliminar-barras-del-futbol","status":"publish","type":"post","link":"https:\/\/a3noticias.com.mx\/sandbox\/2022\/03\/18\/fmf-y-liga-mx-presentan-a-diputados-plan-para-eliminar-barras-del-futbol\/","title":{"rendered":"FMF y Liga MX presentan a diputados plan para eliminar \u201cbarras\u201d del f\u00fatbol."},"content":{"rendered":"\n<p>El presidente ejecutivo de la Liga MX, Mikel Arriola y Yon de Luisa, presidente de la Federaci\u00f3n Mexicana de Futbol, mantuvieron una reuni\u00f3n con diputados federales, luego de esto, Arriola dio a conocer que se han tomado cartas en el asunto de \u2018las barras\u2019 en el f\u00fatbol, luego de los hechos violentos en el Estadio Corregidora, durante el encuentro entre Gallos Blancos contra Atlas.&nbsp;<\/p>\n\n\n\n<blockquote class=\"wp-block-quote is-layout-flow wp-block-quote-is-layout-flow\"><p>\u201cHemos dicho que es el fin de las \u2018barras\u2019, porque lo que explicamos a los diputados es como vamos a implementar la identificaci\u00f3n de los grupos de animaci\u00f3n\u201d.<\/p><\/blockquote>\n\n\n\n<p>Los dirigentes explicaron que su plan para erradicar las \u201cbarras\u201d se har\u00e1 por pasos, desde la credencializaci\u00f3n de los grupos de animaci\u00f3n, negar el ingreso a \u201cbarras\u201d visitantes, as\u00ed como prohibir que menores de edad pertenezcan a un grupo de animaci\u00f3n, y la creaci\u00f3n de Fan ID\u201d<\/p>\n\n\n\n<blockquote class=\"wp-block-quote is-layout-flow wp-block-quote-is-layout-flow\"><p>\u201cFue un espacio para que pudi\u00e9ramos precisar las medidas para terminar con las barras, pero estas requieren de implementaci\u00f3n. Lo que hoy le explicamos a las diputadas y diputados es c\u00f3mo vamos a implementar la identificaci\u00f3n de los grupos de animaci\u00f3n\u201d detall\u00f3 Yon de Luisa<\/p><\/blockquote>\n\n\n\n<p>El presidente de la Liga MX destac\u00f3 que se fijaron como plazo este mes para culminar con la credencializaci\u00f3n de las barras.&nbsp;<\/p>\n","protected":false},"excerpt":{"rendered":"<p>El presidente ejecutivo de la Liga MX, Mikel Arriola y Yon de Luisa, presidente de la Federaci\u00f3n Mexicana de Futbol, mantuvieron una reuni\u00f3n con diputados federales, luego de esto, Arriola &hellip; <a href=\"https:\/\/a3noticias.com.mx\/sandbox\/2022\/03\/18\/fmf-y-liga-mx-presentan-a-diputados-plan-para-eliminar-barras-del-futbol\/\" class=\"more-link\">Leer m\u00e1s<\/a><\/p>\n","protected":false},"author":2,"featured_media":19570,"comment_status":"open","ping_status":"open","sticky":false,"template":"","format":"standard","meta":{"_monsterinsights_skip_tracking":false,"_monsterinsights_sitenote_active":false,"_monsterinsights_sitenote_note":"","_monsterinsights_sitenote_category":0,"footnotes":""},"categories":[5,3],"tags":[],"class_list":["post-19569","post","type-post","status-publish","format-standard","has-post-thumbnail","hentry","category-sports","category-nal","entry"],"aioseo_notices":[],"_links":{"self":[{"href":"https:\/\/a3noticias.com.mx\/sandbox\/wp-json\/wp\/v2\/posts\/19569","targetHints":{"allow":["GET"]}}],"collection":[{"href":"https:\/\/a3noticias.com.mx\/sandbox\/wp-json\/wp\/v2\/posts"}],"about":[{"href":"https:\/\/a3noticias.com.mx\/sandbox\/wp-json\/wp\/v2\/types\/post"}],"author":[{"embeddable":true,"href":"https:\/\/a3noticias.com.mx\/sandbox\/wp-json\/wp\/v2\/users\/2"}],"replies":[{"embeddable":true,"href":"https:\/\/a3noticias.com.mx\/sandbox\/wp-json\/wp\/v2\/comments?post=19569"}],"version-history":[{"count":1,"href":"https:\/\/a3noticias.com.mx\/sandbox\/wp-json\/wp\/v2\/posts\/19569\/revisions"}],"predecessor-version":[{"id":19571,"href":"https:\/\/a3noticias.com.mx\/sandbox\/wp-json\/wp\/v2\/posts\/19569\/revisions\/19571"}],"wp:featuredmedia":[{"embeddable":true,"href":"https:\/\/a3noticias.com.mx\/sandbox\/wp-json\/wp\/v2\/media\/19570"}],"wp:attachment":[{"href":"https:\/\/a3noticias.com.mx\/sandbox\/wp-json\/wp\/v2\/media?parent=19569"}],"wp:term":[{"taxonomy":"category","embeddable":true,"href":"https:\/\/a3noticias.com.mx\/sandbox\/wp-json\/wp\/v2\/categories?post=19569"},{"taxonomy":"post_tag","embeddable":true,"href":"https:\/\/a3noticias.com.mx\/sandbox\/wp-json\/wp\/v2\/tags?post=19569"}],"curies":[{"name":"wp","href":"https:\/\/api.w.org\/{rel}","templated":true}]}}