{"id":19597,"date":"2022-03-20T00:00:00","date_gmt":"2022-03-20T06:00:00","guid":{"rendered":"https:\/\/a3noticias.com.mx\/sandbox\/?p=19597"},"modified":"2022-03-18T23:55:49","modified_gmt":"2022-03-19T05:55:49","slug":"prepara-tequisquiapan-primer-festival-de-alebrijes","status":"publish","type":"post","link":"https:\/\/a3noticias.com.mx\/sandbox\/2022\/03\/20\/prepara-tequisquiapan-primer-festival-de-alebrijes\/","title":{"rendered":"Prepara Tequisquiapan primer Festival de Alebrijes"},"content":{"rendered":"\n<p>Todo este puente en Tequiquiapan se celebrar\u00e1 el Primer Festival de Alebrijes bajo la&nbsp;organizaci\u00f3n del Centro Cultural de dicho municipio, en donde grandes y chicos podr\u00e1n disfrutar de una serie de actividades para toda la familia.<\/p>\n\n\n\n<p>El evento tendr\u00e1 lugar este s\u00e1bado 19, domingo 20 y lunes 21 de marzo, en el jard\u00edn Hidalgo ubicado en el Centro Hist\u00f3rico del Pueblo M\u00e1gico de Tequisquiapan. En \u00e9l participar\u00e1n decenas de artistas que radican en la localidad.<\/p>\n\n\n\n<p>Esta primera edici\u00f3n del festival contar\u00e1 con exposiciones art\u00edsticas de alebrijes, as\u00ed como con venta de estas esculturas. Adem\u00e1s habr\u00e1 musicales con orquesta, duetos, cantautores y marimba.<\/p>\n\n\n\n<p>De igual manera, habr\u00e1 presentaciones de danza a\u00e9rea, de jazz y de ballet, as\u00ed como zanqueros. Adem\u00e1s de talleres, concursos, as\u00ed como un desfile de alebrijes vivientes.<\/p>\n\n\n\n<figure class=\"wp-block-image size-large is-resized\"><img loading=\"lazy\" decoding=\"async\" src=\"https:\/\/a3noticias.com.mx\/sandbox\/wp-content\/uploads\/2022\/03\/Programa-del-Festival-de-Alebrijes-en-Tequisquiapan-1-70x90.jpeg\" alt=\"\" class=\"wp-image-19600\" width=\"562\" height=\"723\"\/><\/figure>\n","protected":false},"excerpt":{"rendered":"<p>Todo este puente en Tequiquiapan se celebrar\u00e1 el Primer Festival de Alebrijes bajo la&nbsp;organizaci\u00f3n del Centro Cultural de dicho municipio, en donde grandes y chicos podr\u00e1n disfrutar de una serie &hellip; <a href=\"https:\/\/a3noticias.com.mx\/sandbox\/2022\/03\/20\/prepara-tequisquiapan-primer-festival-de-alebrijes\/\" class=\"more-link\">Leer m\u00e1s<\/a><\/p>\n","protected":false},"author":4,"featured_media":19601,"comment_status":"open","ping_status":"open","sticky":false,"template":"","format":"standard","meta":{"_monsterinsights_skip_tracking":false,"_monsterinsights_sitenote_active":false,"_monsterinsights_sitenote_note":"","_monsterinsights_sitenote_category":0,"footnotes":""},"categories":[2],"tags":[],"class_list":["post-19597","post","type-post","status-publish","format-standard","has-post-thumbnail","hentry","category-qro","entry"],"aioseo_notices":[],"_links":{"self":[{"href":"https:\/\/a3noticias.com.mx\/sandbox\/wp-json\/wp\/v2\/posts\/19597","targetHints":{"allow":["GET"]}}],"collection":[{"href":"https:\/\/a3noticias.com.mx\/sandbox\/wp-json\/wp\/v2\/posts"}],"about":[{"href":"https:\/\/a3noticias.com.mx\/sandbox\/wp-json\/wp\/v2\/types\/post"}],"author":[{"embeddable":true,"href":"https:\/\/a3noticias.com.mx\/sandbox\/wp-json\/wp\/v2\/users\/4"}],"replies":[{"embeddable":true,"href":"https:\/\/a3noticias.com.mx\/sandbox\/wp-json\/wp\/v2\/comments?post=19597"}],"version-history":[{"count":2,"href":"https:\/\/a3noticias.com.mx\/sandbox\/wp-json\/wp\/v2\/posts\/19597\/revisions"}],"predecessor-version":[{"id":19603,"href":"https:\/\/a3noticias.com.mx\/sandbox\/wp-json\/wp\/v2\/posts\/19597\/revisions\/19603"}],"wp:featuredmedia":[{"embeddable":true,"href":"https:\/\/a3noticias.com.mx\/sandbox\/wp-json\/wp\/v2\/media\/19601"}],"wp:attachment":[{"href":"https:\/\/a3noticias.com.mx\/sandbox\/wp-json\/wp\/v2\/media?parent=19597"}],"wp:term":[{"taxonomy":"category","embeddable":true,"href":"https:\/\/a3noticias.com.mx\/sandbox\/wp-json\/wp\/v2\/categories?post=19597"},{"taxonomy":"post_tag","embeddable":true,"href":"https:\/\/a3noticias.com.mx\/sandbox\/wp-json\/wp\/v2\/tags?post=19597"}],"curies":[{"name":"wp","href":"https:\/\/api.w.org\/{rel}","templated":true}]}}