{"id":19617,"date":"2022-03-21T22:08:48","date_gmt":"2022-03-22T04:08:48","guid":{"rendered":"https:\/\/a3noticias.com.mx\/sandbox\/?p=19617"},"modified":"2022-03-21T22:08:49","modified_gmt":"2022-03-22T04:08:49","slug":"cero-defunciones-y-34-casos-de-covid-19-este-fin-de-semana-en-queretaro","status":"publish","type":"post","link":"https:\/\/a3noticias.com.mx\/sandbox\/2022\/03\/21\/cero-defunciones-y-34-casos-de-covid-19-este-fin-de-semana-en-queretaro\/","title":{"rendered":"Cero defunciones y 34 casos de Covid-19 este fin de semana en Quer\u00e9taro"},"content":{"rendered":"\n<p>La Secretar\u00eda de Salud de Quer\u00e9taro report\u00f3 este lunes cero defunciones por COVID-19, aunque en los \u00faltimos tres d\u00edas se han sumado 34 casos de la enfermedad en el estado (el s\u00e1bado se registraron 22, el domingo ocho y este lunes cuatro), se trata de 19 mujeres y 15 hombres. El registro acumulado es de 137 mil 274 casos; 52% son mujeres y 48% son hombres.<\/p>\n\n\n\n<p>Se dio de alta sanitaria a 128 pacientes, con lo que se tiene un registro de 130 mil 435 altas (95.01%).&nbsp;<\/p>\n\n\n\n<p>Con sintomatolog\u00eda leve, aislamiento y manejo en su domicilio hay 187 pacientes y 32 hospitalizados, 13 de los cuales se encuentran graves. Se han registrado seis mil 620 defunciones.<\/p>\n\n\n\n<p>Con relaci\u00f3n a la disponibilidad de camas de hospitalizaci\u00f3n general y con ventilador, con informaci\u00f3n del 20 de marzo, se tiene una ocupaci\u00f3n de 16 por ciento, con base en la Red Negativa de Infecciones Respiratorias Agudas (IRAG).<\/p>\n\n\n\n<p>En Quer\u00e9taro se registra 14 por ciento de ocupaci\u00f3n de camas con ventilador y 16 por ciento en camas sin ventilador.<\/p>\n\n\n\n<p>Se exhorta a la poblaci\u00f3n a no automedicarse y, para prevenir la transmisi\u00f3n, lavarse las manos de manera frecuente con agua y jab\u00f3n o utilizar soluciones alcoholadas a 70%, usar cubreboca al salir de casa y mantener sana distancia entre personas&nbsp;(de 1.5 a dos metros).<\/p>\n\n\n\n<p>Asimismo, a quedarse en casa cuando se tienen enfermedades respiratorias y comunicarse al\u00a0<em>call center<\/em>\u00a0estatal 4421015205, para recibir orientaci\u00f3n m\u00e9dica\u00a0si se presenta alguno de los s\u00edntomas o signos como: dificultad para respirar (dato de gravedad), fiebre (mayor a 38 grados), dolor de cabeza, tos, dolor de garganta, escurrimiento nasal, dolor de pecho, alteraci\u00f3n del olfato o del sentido del gusto.<\/p>\n\n\n\n<figure class=\"wp-block-image size-full\"><img loading=\"lazy\" decoding=\"async\" width=\"1280\" height=\"720\" src=\"https:\/\/a3noticias.com.mx\/sandbox\/wp-content\/uploads\/2022\/03\/71_273_35617_117510634_03_21_MAPA.jpeg\" alt=\"\" class=\"wp-image-19618\" srcset=\"https:\/\/a3noticias.com.mx\/sandbox\/wp-content\/uploads\/2022\/03\/71_273_35617_117510634_03_21_MAPA.jpeg 1280w, https:\/\/a3noticias.com.mx\/sandbox\/wp-content\/uploads\/2022\/03\/71_273_35617_117510634_03_21_MAPA-300x169.jpeg 300w, https:\/\/a3noticias.com.mx\/sandbox\/wp-content\/uploads\/2022\/03\/71_273_35617_117510634_03_21_MAPA-160x90.jpeg 160w, https:\/\/a3noticias.com.mx\/sandbox\/wp-content\/uploads\/2022\/03\/71_273_35617_117510634_03_21_MAPA-768x432.jpeg 768w\" sizes=\"auto, (max-width: 1280px) 100vw, 1280px\" \/><\/figure>\n\n\n\n<p><\/p>\n","protected":false},"excerpt":{"rendered":"<p>La Secretar\u00eda de Salud de Quer\u00e9taro report\u00f3 este lunes cero defunciones por COVID-19, aunque en los \u00faltimos tres d\u00edas se han sumado 34 casos de la enfermedad en el estado &hellip; <a href=\"https:\/\/a3noticias.com.mx\/sandbox\/2022\/03\/21\/cero-defunciones-y-34-casos-de-covid-19-este-fin-de-semana-en-queretaro\/\" class=\"more-link\">Leer m\u00e1s<\/a><\/p>\n","protected":false},"author":4,"featured_media":19495,"comment_status":"open","ping_status":"open","sticky":false,"template":"","format":"standard","meta":{"_monsterinsights_skip_tracking":false,"_monsterinsights_sitenote_active":false,"_monsterinsights_sitenote_note":"","_monsterinsights_sitenote_category":0,"footnotes":""},"categories":[2],"tags":[],"class_list":["post-19617","post","type-post","status-publish","format-standard","has-post-thumbnail","hentry","category-qro","entry"],"aioseo_notices":[],"_links":{"self":[{"href":"https:\/\/a3noticias.com.mx\/sandbox\/wp-json\/wp\/v2\/posts\/19617","targetHints":{"allow":["GET"]}}],"collection":[{"href":"https:\/\/a3noticias.com.mx\/sandbox\/wp-json\/wp\/v2\/posts"}],"about":[{"href":"https:\/\/a3noticias.com.mx\/sandbox\/wp-json\/wp\/v2\/types\/post"}],"author":[{"embeddable":true,"href":"https:\/\/a3noticias.com.mx\/sandbox\/wp-json\/wp\/v2\/users\/4"}],"replies":[{"embeddable":true,"href":"https:\/\/a3noticias.com.mx\/sandbox\/wp-json\/wp\/v2\/comments?post=19617"}],"version-history":[{"count":1,"href":"https:\/\/a3noticias.com.mx\/sandbox\/wp-json\/wp\/v2\/posts\/19617\/revisions"}],"predecessor-version":[{"id":19619,"href":"https:\/\/a3noticias.com.mx\/sandbox\/wp-json\/wp\/v2\/posts\/19617\/revisions\/19619"}],"wp:featuredmedia":[{"embeddable":true,"href":"https:\/\/a3noticias.com.mx\/sandbox\/wp-json\/wp\/v2\/media\/19495"}],"wp:attachment":[{"href":"https:\/\/a3noticias.com.mx\/sandbox\/wp-json\/wp\/v2\/media?parent=19617"}],"wp:term":[{"taxonomy":"category","embeddable":true,"href":"https:\/\/a3noticias.com.mx\/sandbox\/wp-json\/wp\/v2\/categories?post=19617"},{"taxonomy":"post_tag","embeddable":true,"href":"https:\/\/a3noticias.com.mx\/sandbox\/wp-json\/wp\/v2\/tags?post=19617"}],"curies":[{"name":"wp","href":"https:\/\/api.w.org\/{rel}","templated":true}]}}