{"id":19620,"date":"2022-03-22T10:13:26","date_gmt":"2022-03-22T16:13:26","guid":{"rendered":"https:\/\/a3noticias.com.mx\/sandbox\/?p=19620"},"modified":"2022-03-22T10:13:27","modified_gmt":"2022-03-22T16:13:27","slug":"queretaro-se-une-al-paro-nacional-de-transportistas","status":"publish","type":"post","link":"https:\/\/a3noticias.com.mx\/sandbox\/2022\/03\/22\/queretaro-se-une-al-paro-nacional-de-transportistas\/","title":{"rendered":"Quer\u00e9taro se une al paro nacional de Transportistas"},"content":{"rendered":"\n<p>Este martes 22 de marzo, la Alianza Mexicana de Organizaci\u00f3n de Transportistas (AMOTAC), llevar\u00e1 a cabo un paro nacional a manera de protesta hacia el gobierno federal ante la problem\u00e1tica que presenta el Transporte Nacional, las cuales aseguran no han sido resueltas por las autoridades.<\/p>\n\n\n\n<p>De acuerdo con un comunicado emitido por la AMOTAC algunas de las peticiones son: mayor seguridad en las carreteras, reemplacamiento por parte de la SICT para los veh\u00edculos de carga y turismo, tarifas oficiales para el Transporte, prohibici\u00f3n de veh\u00edculos doblemente articulados, disminuci\u00f3n en costos de las autopistas, reclasificaci\u00f3n de las carreteras nacionales, as\u00ed como reducci\u00f3n de precios del combustibles, entre otras.<\/p>\n\n\n\n<p>El paro dio inicio a las 8 de la ma\u00f1ana de este martes en alrededor de 240 puntos de la Rep\u00fablica Mexicana, entre ellos Quer\u00e9taro.<\/p>\n\n\n\n<p>En Quer\u00e9taro se espera la presencia de hasta 300 unidades de transporte en dos puntos del estado, uno de ellos en el trayecto de Quer\u00e9taro &#8211; Palmillas de la Carretera Federal 57 en direcci\u00f3n hacia la Ciudad de M\u00e9xico,&nbsp;el segundo, en el Papanoa en la capital del estado.<\/p>\n\n\n\n<blockquote class=\"wp-block-quote is-layout-flow wp-block-quote-is-layout-flow\"><p>\u201cY desde luego Quer\u00e9taro es un complejo neur\u00e1lgico muy importante debido a que por la Ciudad de Quer\u00e9taro atraviesan al rededor de 150 mil unidades las 24 horas (\u2026) porque aqu\u00ed agarramos hacia el norte, vamos hacia el sur, agarramos hacia el pac\u00edfico y es una zona neur\u00e1lgica de la Rep\u00fablica Mexicana\u201d, apunt\u00f3 uno de los transportistas presentes en el paro.<\/p><\/blockquote>\n\n\n\n<p>El llamado se extiende hacia los tres niveles de gobierno, donde los transportistas amagan con que de no resolv\u00e9rseles sus peticiones, iniciar\u00e1n una movilizaci\u00f3n en marcha con sus unidades rumbo a la ciudad de M\u00e9xico.<\/p>\n\n\n\n<p>Por su parte, el Director General de AMOTAC, Omar Ort\u00edz Mu\u00f1oz, asegur\u00f3 que por parte del gobierno estatal el sector ha tenido buena respuesta a sus exigencias, por lo que no buscan perjudicar a la ciudadan\u00eda queretana, m\u00e1s bien ser escuchados y obtener respuesta por parte del gobierno federal.<\/p>\n\n\n\n<blockquote class=\"wp-block-quote is-layout-flow wp-block-quote-is-layout-flow\"><p>\u201cFinalmente el estado s\u00ed hemos tenido muy buena respuesta, hemos tenido respuesta a nuestras exigencias, anteriormente nos hab\u00edamos quejado de algunas situaciones y el se\u00f1or gobernador ha atendido esa parte, entonces por eso no queremos perjudicar tanto a la ciudadan\u00eda. Sabemos que nuestro problema es Federal, tratamos de no perjudicar pero los compa\u00f1eros est\u00e1n listos para lo que se tenga que hacer\u201d, se\u00f1al\u00f3.<\/p><\/blockquote>\n","protected":false},"excerpt":{"rendered":"<p>Este martes 22 de marzo, la Alianza Mexicana de Organizaci\u00f3n de Transportistas (AMOTAC), llevar\u00e1 a cabo un paro nacional a manera de protesta hacia el gobierno federal ante la problem\u00e1tica &hellip; <a href=\"https:\/\/a3noticias.com.mx\/sandbox\/2022\/03\/22\/queretaro-se-une-al-paro-nacional-de-transportistas\/\" class=\"more-link\">Leer m\u00e1s<\/a><\/p>\n","protected":false},"author":4,"featured_media":19621,"comment_status":"open","ping_status":"open","sticky":false,"template":"","format":"standard","meta":{"_monsterinsights_skip_tracking":false,"_monsterinsights_sitenote_active":false,"_monsterinsights_sitenote_note":"","_monsterinsights_sitenote_category":0,"footnotes":""},"categories":[3],"tags":[],"class_list":["post-19620","post","type-post","status-publish","format-standard","has-post-thumbnail","hentry","category-nal","entry"],"aioseo_notices":[],"_links":{"self":[{"href":"https:\/\/a3noticias.com.mx\/sandbox\/wp-json\/wp\/v2\/posts\/19620","targetHints":{"allow":["GET"]}}],"collection":[{"href":"https:\/\/a3noticias.com.mx\/sandbox\/wp-json\/wp\/v2\/posts"}],"about":[{"href":"https:\/\/a3noticias.com.mx\/sandbox\/wp-json\/wp\/v2\/types\/post"}],"author":[{"embeddable":true,"href":"https:\/\/a3noticias.com.mx\/sandbox\/wp-json\/wp\/v2\/users\/4"}],"replies":[{"embeddable":true,"href":"https:\/\/a3noticias.com.mx\/sandbox\/wp-json\/wp\/v2\/comments?post=19620"}],"version-history":[{"count":1,"href":"https:\/\/a3noticias.com.mx\/sandbox\/wp-json\/wp\/v2\/posts\/19620\/revisions"}],"predecessor-version":[{"id":19622,"href":"https:\/\/a3noticias.com.mx\/sandbox\/wp-json\/wp\/v2\/posts\/19620\/revisions\/19622"}],"wp:featuredmedia":[{"embeddable":true,"href":"https:\/\/a3noticias.com.mx\/sandbox\/wp-json\/wp\/v2\/media\/19621"}],"wp:attachment":[{"href":"https:\/\/a3noticias.com.mx\/sandbox\/wp-json\/wp\/v2\/media?parent=19620"}],"wp:term":[{"taxonomy":"category","embeddable":true,"href":"https:\/\/a3noticias.com.mx\/sandbox\/wp-json\/wp\/v2\/categories?post=19620"},{"taxonomy":"post_tag","embeddable":true,"href":"https:\/\/a3noticias.com.mx\/sandbox\/wp-json\/wp\/v2\/tags?post=19620"}],"curies":[{"name":"wp","href":"https:\/\/api.w.org\/{rel}","templated":true}]}}