{"id":19623,"date":"2022-03-22T11:04:28","date_gmt":"2022-03-22T17:04:28","guid":{"rendered":"https:\/\/a3noticias.com.mx\/sandbox\/?p=19623"},"modified":"2022-03-22T11:04:29","modified_gmt":"2022-03-22T17:04:29","slug":"declaran-lago-de-texcoco-area-natural-protegida","status":"publish","type":"post","link":"https:\/\/a3noticias.com.mx\/sandbox\/2022\/03\/22\/declaran-lago-de-texcoco-area-natural-protegida\/","title":{"rendered":"Declaran lago de Texcoco \u00e1rea natural protegida"},"content":{"rendered":"\n<p>El presidente de la Rep\u00fablica mexicana, Andr\u00e9s Manuel L\u00f3pez Obrador declar\u00f3 el Lago de Texcoco \u00e1rea natural protegida con el car\u00e1cter de \u00c1rea de Protecci\u00f3n de&nbsp;Recursos Naturales, de acuerdo con la publicaci\u00f3n emitida en el Diario Oficial de la Federaci\u00f3n con fecha 22 de marzo de 2022.<\/p>\n\n\n\n<p>De acuerdo con lo expresado por AMLO durante su conferencia ma\u00f1anera, esta reserva natural se transformar\u00e1 en una zona ecol\u00f3gica, adem\u00e1s de que se construir\u00e1 un parque para la conservaci\u00f3n ambiental de la flora y fauna que llevar\u00e1 por nombre \u201cParque Ecol\u00f3gico del lago de Texcoco\u201d, el cual contar\u00e1 con m\u00faltiples canchas destinadas al deporte y la recreaci\u00f3n.<\/p>\n\n\n\n<p>En el lugar tambi\u00e9n habr\u00e1 un edificio de madera que albergar\u00e1 un centro de investigaci\u00f3n de la Comisi\u00f3n Nacional del Medio Ambiente (CONAM), as\u00ed como servicios de educaci\u00f3n e investigaci\u00f3n ambiental en general, adem\u00e1s de un restaurante y oficinas.<\/p>\n\n\n\n<p>Seg\u00fan con lo publicado en el documento dentro de la zona podr\u00e1n realizarse: investigaci\u00f3n y colecta cient\u00edficas, Monitoreo ambiental,&nbsp;Educaci\u00f3n ambiental, turismo de bajo impacto ambiental, aprovechamiento extractivo de vida silvestre, aprovechamiento no extractivo de vida silvestre, pesca y acuacultural, aprovechamiento forestal, agr\u00edcolas y ganaderas, as\u00ed como el aprovechamiento tradicional dela sal que provenga de salinas formadas en cuencas endorr\u00e9ica, entre otras.<\/p>\n","protected":false},"excerpt":{"rendered":"<p>El presidente de la Rep\u00fablica mexicana, Andr\u00e9s Manuel L\u00f3pez Obrador declar\u00f3 el Lago de Texcoco \u00e1rea natural protegida con el car\u00e1cter de \u00c1rea de Protecci\u00f3n de&nbsp;Recursos Naturales, de acuerdo con &hellip; <a href=\"https:\/\/a3noticias.com.mx\/sandbox\/2022\/03\/22\/declaran-lago-de-texcoco-area-natural-protegida\/\" class=\"more-link\">Leer m\u00e1s<\/a><\/p>\n","protected":false},"author":4,"featured_media":19624,"comment_status":"open","ping_status":"open","sticky":false,"template":"","format":"standard","meta":{"_monsterinsights_skip_tracking":false,"_monsterinsights_sitenote_active":false,"_monsterinsights_sitenote_note":"","_monsterinsights_sitenote_category":0,"footnotes":""},"categories":[3],"tags":[],"class_list":["post-19623","post","type-post","status-publish","format-standard","has-post-thumbnail","hentry","category-nal","entry"],"aioseo_notices":[],"_links":{"self":[{"href":"https:\/\/a3noticias.com.mx\/sandbox\/wp-json\/wp\/v2\/posts\/19623","targetHints":{"allow":["GET"]}}],"collection":[{"href":"https:\/\/a3noticias.com.mx\/sandbox\/wp-json\/wp\/v2\/posts"}],"about":[{"href":"https:\/\/a3noticias.com.mx\/sandbox\/wp-json\/wp\/v2\/types\/post"}],"author":[{"embeddable":true,"href":"https:\/\/a3noticias.com.mx\/sandbox\/wp-json\/wp\/v2\/users\/4"}],"replies":[{"embeddable":true,"href":"https:\/\/a3noticias.com.mx\/sandbox\/wp-json\/wp\/v2\/comments?post=19623"}],"version-history":[{"count":1,"href":"https:\/\/a3noticias.com.mx\/sandbox\/wp-json\/wp\/v2\/posts\/19623\/revisions"}],"predecessor-version":[{"id":19625,"href":"https:\/\/a3noticias.com.mx\/sandbox\/wp-json\/wp\/v2\/posts\/19623\/revisions\/19625"}],"wp:featuredmedia":[{"embeddable":true,"href":"https:\/\/a3noticias.com.mx\/sandbox\/wp-json\/wp\/v2\/media\/19624"}],"wp:attachment":[{"href":"https:\/\/a3noticias.com.mx\/sandbox\/wp-json\/wp\/v2\/media?parent=19623"}],"wp:term":[{"taxonomy":"category","embeddable":true,"href":"https:\/\/a3noticias.com.mx\/sandbox\/wp-json\/wp\/v2\/categories?post=19623"},{"taxonomy":"post_tag","embeddable":true,"href":"https:\/\/a3noticias.com.mx\/sandbox\/wp-json\/wp\/v2\/tags?post=19623"}],"curies":[{"name":"wp","href":"https:\/\/api.w.org\/{rel}","templated":true}]}}