{"id":19633,"date":"2022-03-22T12:21:30","date_gmt":"2022-03-22T18:21:30","guid":{"rendered":"https:\/\/a3noticias.com.mx\/sandbox\/?p=19633"},"modified":"2022-03-22T12:21:31","modified_gmt":"2022-03-22T18:21:31","slug":"municipio-de-queretaro-refuerza-programa-de-apoyo-psicologico-por-regreso-a-clases-presenciales","status":"publish","type":"post","link":"https:\/\/a3noticias.com.mx\/sandbox\/2022\/03\/22\/municipio-de-queretaro-refuerza-programa-de-apoyo-psicologico-por-regreso-a-clases-presenciales\/","title":{"rendered":"Municipio de Quer\u00e9taro refuerza programa de apoyo psicol\u00f3gico por regreso a clases presenciales"},"content":{"rendered":"\n<p>Teresa Borbolla, directora del Instituto para la Prevenci\u00f3n de Conductas de Riesgo del Municipio de Quer\u00e9taro, se\u00f1al\u00f3 que con motivo del regreso a clases presenciales en todas las escuelas del estado se busca dar atenci\u00f3n y contenci\u00f3n a docentes de la capital a trav\u00e9s del programa de Primeros Auxilios Psicol\u00f3gicos (PAP), adem\u00e1s apunt\u00f3 que tambi\u00e9n se trabajar\u00e1 con los padres y madres de familia.<\/p>\n\n\n\n<p>En este sentido, Borbolla, program\u00f3 la firma de un convenio de colaboraci\u00f3n entre el Instituto y la Unidad de Servicios para la Educaci\u00f3n B\u00e1sica del Estado de Quer\u00e9taro (USEBEQ) con el objetivo de generar protocolos de actuaci\u00f3n en situaciones de crisis en materia de salud mental.<\/p>\n\n\n\n<p>Inform\u00f3 que el programa cuenta con materiales \u00fanicos del Municipio.<\/p>\n\n\n\n<blockquote class=\"wp-block-quote is-layout-flow wp-block-quote-is-layout-flow\"><p>\u201cPlaticarles que tenemos un micrositio que est\u00e1 dise\u00f1ado por el Municipio, donde los contenidos que utilizamos son \u00fanicos del Municipio y la verdad es que va a quedar s\u00faper bien\u201d, asever\u00f3 la directora.<\/p><\/blockquote>\n","protected":false},"excerpt":{"rendered":"<p>Teresa Borbolla, directora del Instituto para la Prevenci\u00f3n de Conductas de Riesgo del Municipio de Quer\u00e9taro, se\u00f1al\u00f3 que con motivo del regreso a clases presenciales en todas las escuelas del &hellip; <a href=\"https:\/\/a3noticias.com.mx\/sandbox\/2022\/03\/22\/municipio-de-queretaro-refuerza-programa-de-apoyo-psicologico-por-regreso-a-clases-presenciales\/\" class=\"more-link\">Leer m\u00e1s<\/a><\/p>\n","protected":false},"author":4,"featured_media":19634,"comment_status":"open","ping_status":"open","sticky":false,"template":"","format":"standard","meta":{"_monsterinsights_skip_tracking":false,"_monsterinsights_sitenote_active":false,"_monsterinsights_sitenote_note":"","_monsterinsights_sitenote_category":0,"footnotes":""},"categories":[2],"tags":[],"class_list":["post-19633","post","type-post","status-publish","format-standard","has-post-thumbnail","hentry","category-qro","entry"],"aioseo_notices":[],"_links":{"self":[{"href":"https:\/\/a3noticias.com.mx\/sandbox\/wp-json\/wp\/v2\/posts\/19633","targetHints":{"allow":["GET"]}}],"collection":[{"href":"https:\/\/a3noticias.com.mx\/sandbox\/wp-json\/wp\/v2\/posts"}],"about":[{"href":"https:\/\/a3noticias.com.mx\/sandbox\/wp-json\/wp\/v2\/types\/post"}],"author":[{"embeddable":true,"href":"https:\/\/a3noticias.com.mx\/sandbox\/wp-json\/wp\/v2\/users\/4"}],"replies":[{"embeddable":true,"href":"https:\/\/a3noticias.com.mx\/sandbox\/wp-json\/wp\/v2\/comments?post=19633"}],"version-history":[{"count":1,"href":"https:\/\/a3noticias.com.mx\/sandbox\/wp-json\/wp\/v2\/posts\/19633\/revisions"}],"predecessor-version":[{"id":19635,"href":"https:\/\/a3noticias.com.mx\/sandbox\/wp-json\/wp\/v2\/posts\/19633\/revisions\/19635"}],"wp:featuredmedia":[{"embeddable":true,"href":"https:\/\/a3noticias.com.mx\/sandbox\/wp-json\/wp\/v2\/media\/19634"}],"wp:attachment":[{"href":"https:\/\/a3noticias.com.mx\/sandbox\/wp-json\/wp\/v2\/media?parent=19633"}],"wp:term":[{"taxonomy":"category","embeddable":true,"href":"https:\/\/a3noticias.com.mx\/sandbox\/wp-json\/wp\/v2\/categories?post=19633"},{"taxonomy":"post_tag","embeddable":true,"href":"https:\/\/a3noticias.com.mx\/sandbox\/wp-json\/wp\/v2\/tags?post=19633"}],"curies":[{"name":"wp","href":"https:\/\/api.w.org\/{rel}","templated":true}]}}