{"id":19638,"date":"2022-03-22T12:47:01","date_gmt":"2022-03-22T18:47:01","guid":{"rendered":"https:\/\/a3noticias.com.mx\/sandbox\/?p=19638"},"modified":"2022-03-22T12:47:02","modified_gmt":"2022-03-22T18:47:02","slug":"concluye-con-exito-festival-de-equinoccio-corregidora-2022","status":"publish","type":"post","link":"https:\/\/a3noticias.com.mx\/sandbox\/2022\/03\/22\/concluye-con-exito-festival-de-equinoccio-corregidora-2022\/","title":{"rendered":"Concluye con \u00e9xito Festival de Equinoccio Corregidora 2022"},"content":{"rendered":"\n<p>Con la presencia de m\u00e1s de 30 mil asistentes y con una derrama econ\u00f3mica de m\u00e1s de 14 millones de pesos, el Equinoccio Festival Corregidora 2022, culmin\u00f3 con saldo blanco y siendo todo un \u00e9xito, anunci\u00f3 la secretaria de Desarrollo Econ\u00f3mico de dicho municipio, Esther Carboney Echave.<\/p>\n\n\n\n<p>El Festival se llev\u00f3 a cabo del 17 al 21 de marzo en la zona arqueol\u00f3gica \u201cEl Pueblito\u201d bajo un ambiente familiar y de sana convivencia, donde habitantes de la demarcaci\u00f3n as\u00ed como turistas, se dieron lugar para recibir la primavera y recargarse de energ\u00eda.<\/p>\n\n\n\n<blockquote class=\"wp-block-quote is-layout-flow wp-block-quote-is-layout-flow\"><p>\u201cEn Corregidora estamos s\u00faper contentos porque el festival del Equinoccio ha sido todo un \u00e9xito. Recibimos a casi 30 mil asistentes, generando una derrama econ\u00f3mica de m\u00e1s de 14 millones de pesos\u201d, refiri\u00f3.<\/p><\/blockquote>\n\n\n\n<p>Carboney Echave indic\u00f3 que para la apertura del festival el d\u00eda jueves 17 de marzo, se llev\u00f3 a cabo un espect\u00e1culo musical; mientras que el segundo d\u00eda, viernes 18, se cont\u00f3 con un concierto de Edith M\u00e1rquez; asimismo, los asistentes del s\u00e1bado 19 pudieron disfrutar la presentaci\u00f3n de la agrupaci\u00f3n Ca\u00f1\u00f3n del Sonidero y el domingo 20, del grupo Los Hijos de la Malinche.<\/p>\n\n\n\n<p>Adem\u00e1s de esto, el evento cont\u00f3 con diversas actividades familiares, como una rodada ciclista, una cabalgata, talleres infantiles, entre otros, por lo que se llevan cabo bajo un ambiente familiar y de tranquilidad.<\/p>\n\n\n\n<p>La secretaria de Desarrollo Econ\u00f3mico, agradeci\u00f3 a la ciudadan\u00eda la buena actitud mostrada para la realizaci\u00f3n del evento y para que este se pudiera llevar a cabo de manera segura.<\/p>\n","protected":false},"excerpt":{"rendered":"<p>Con la presencia de m\u00e1s de 30 mil asistentes y con una derrama econ\u00f3mica de m\u00e1s de 14 millones de pesos, el Equinoccio Festival Corregidora 2022, culmin\u00f3 con saldo blanco &hellip; <a href=\"https:\/\/a3noticias.com.mx\/sandbox\/2022\/03\/22\/concluye-con-exito-festival-de-equinoccio-corregidora-2022\/\" class=\"more-link\">Leer m\u00e1s<\/a><\/p>\n","protected":false},"author":4,"featured_media":19639,"comment_status":"open","ping_status":"open","sticky":false,"template":"","format":"standard","meta":{"_monsterinsights_skip_tracking":false,"_monsterinsights_sitenote_active":false,"_monsterinsights_sitenote_note":"","_monsterinsights_sitenote_category":0,"footnotes":""},"categories":[2],"tags":[],"class_list":["post-19638","post","type-post","status-publish","format-standard","has-post-thumbnail","hentry","category-qro","entry"],"aioseo_notices":[],"_links":{"self":[{"href":"https:\/\/a3noticias.com.mx\/sandbox\/wp-json\/wp\/v2\/posts\/19638","targetHints":{"allow":["GET"]}}],"collection":[{"href":"https:\/\/a3noticias.com.mx\/sandbox\/wp-json\/wp\/v2\/posts"}],"about":[{"href":"https:\/\/a3noticias.com.mx\/sandbox\/wp-json\/wp\/v2\/types\/post"}],"author":[{"embeddable":true,"href":"https:\/\/a3noticias.com.mx\/sandbox\/wp-json\/wp\/v2\/users\/4"}],"replies":[{"embeddable":true,"href":"https:\/\/a3noticias.com.mx\/sandbox\/wp-json\/wp\/v2\/comments?post=19638"}],"version-history":[{"count":1,"href":"https:\/\/a3noticias.com.mx\/sandbox\/wp-json\/wp\/v2\/posts\/19638\/revisions"}],"predecessor-version":[{"id":19640,"href":"https:\/\/a3noticias.com.mx\/sandbox\/wp-json\/wp\/v2\/posts\/19638\/revisions\/19640"}],"wp:featuredmedia":[{"embeddable":true,"href":"https:\/\/a3noticias.com.mx\/sandbox\/wp-json\/wp\/v2\/media\/19639"}],"wp:attachment":[{"href":"https:\/\/a3noticias.com.mx\/sandbox\/wp-json\/wp\/v2\/media?parent=19638"}],"wp:term":[{"taxonomy":"category","embeddable":true,"href":"https:\/\/a3noticias.com.mx\/sandbox\/wp-json\/wp\/v2\/categories?post=19638"},{"taxonomy":"post_tag","embeddable":true,"href":"https:\/\/a3noticias.com.mx\/sandbox\/wp-json\/wp\/v2\/tags?post=19638"}],"curies":[{"name":"wp","href":"https:\/\/api.w.org\/{rel}","templated":true}]}}