{"id":19650,"date":"2022-03-23T09:41:20","date_gmt":"2022-03-23T15:41:20","guid":{"rendered":"https:\/\/a3noticias.com.mx\/sandbox\/?p=19650"},"modified":"2022-03-23T09:41:21","modified_gmt":"2022-03-23T15:41:21","slug":"amlo-tacha-de-conservadores-y-fifis-a-celebridades-que-se-sumaron-a-campana-contra-tren-maya","status":"publish","type":"post","link":"https:\/\/a3noticias.com.mx\/sandbox\/2022\/03\/23\/amlo-tacha-de-conservadores-y-fifis-a-celebridades-que-se-sumaron-a-campana-contra-tren-maya\/","title":{"rendered":"AMLO tacha de \u00abconservadores y fif\u00eds\u00bb a celebridades que se sumaron  a campa\u00f1a contra Tren Maya"},"content":{"rendered":"\n<p>El presidente Andr\u00e9s Manuel L\u00f3pez Obrador dijo que las celebridades y activistas que se sumaron a la campa\u00f1a \u201cSelvame del Tren\u201d de GreenPeace M\u00e9xico son \u201cconservadores y fif\u00eds\u201d y les cuestion\u00f3 \u201cd\u00f3nde estaban\u201d cuando Gobiernos del periodo neoliberal \u201clastimaron a M\u00e9xico\u201d en materia de medio ambiente.<\/p>\n\n\n\n<blockquote class=\"wp-block-quote is-layout-flow wp-block-quote-is-layout-flow\"><p>\u201c\u00bfCu\u00e1ndo estos artistas, pseudoambientalistas, se pronunciaron por la destrucci\u00f3n que se iba a llevar a cabo del lago de Texcoco?, \u00bfcu\u00e1ndo?. Estamos hablando del lago con m\u00e1s historia, que es el origen de M\u00e9xico-Tenochtitl\u00e1n \u00bfCu\u00e1ndo dijeron algo? Nunca, nada\u201d (&#8230;) \u00bfCu\u00e1ndo dijeron algo durante el periodo neoliberal que los Gobiernos entregaron el 60 por ciento del territorio nacional para la explotaci\u00f3n minera, 120 millones de hect\u00e1reas? (\u2026) Ahora resulta que se rasguen las vestiduras. Son muy conservadores, es una campa\u00f1a en contra, son fif\u00eds\u201d.<\/p><\/blockquote>\n\n\n\n<p>En la iniciativa se denuncia que la nueva ruta destruir\u00eda el sistema de r\u00edos subterr\u00e1neos m\u00e1s grande del mundo, as\u00ed como flora y fauna. Adem\u00e1s, acusa que los cambios se hicieron sin consultar a la ciudadan\u00eda e incluso que no se realizaron los respectivos estudios de impacto.<\/p>\n\n\n\n<p>Dicha campa\u00f1a se lanz\u00f3 en el marco del D\u00eda Mundial del Agua, a ella se sumaron personalidades como Eugenio Derbez, Kate del Castillo, Omar Chaparro, B\u00e1rbara Mori, Rub\u00e9n Albarr\u00e1n, Natalia Lafourcade, Sa\u00fal Hern\u00e1ndez y Ana Claudia Talanc\u00f3n.<\/p>\n\n\n\n<p>Por su parte, el jefe del Ejecutivo les responde que su gobierno s\u00ed est\u00e1 llevando a cabo acciones a favor del medio ambiente en las zonas donde se construye el Tren Maya, pues se est\u00e1n sembrando 200 mil hect\u00e1reas de \u00e1rboles.&nbsp;<\/p>\n\n\n\n<blockquote class=\"wp-block-quote is-layout-flow wp-block-quote-is-layout-flow\"><p>\u201cPrimero, estamos sembrando como nunca \u00e1rboles en todo la ruta del Tren Maya, 200 mil hect\u00e1reas de \u00e1rboles, y la brecha que se est\u00e1 abriendo para un tramo de 50 kil\u00f3metros es el equivalente a 10 hect\u00e1reas y estamos sembrando 200 mil y se est\u00e1n creando en el sureste tres parques de 18 mil hect\u00e1reas, reservas naturales (&#8230;) ah\u00ed un Tulum un porque de mil hect\u00e1reas, el Parque del Jaguar; se va a ampliar la reserva de Calakmul y en la zona arqueol\u00f3gica de Uxmal, 2 mil 200 hect\u00e1reas de reserva\u201d.<\/p><\/blockquote>\n","protected":false},"excerpt":{"rendered":"<p>El presidente Andr\u00e9s Manuel L\u00f3pez Obrador dijo que las celebridades y activistas que se sumaron a la campa\u00f1a \u201cSelvame del Tren\u201d de GreenPeace M\u00e9xico son \u201cconservadores y fif\u00eds\u201d y les &hellip; <a href=\"https:\/\/a3noticias.com.mx\/sandbox\/2022\/03\/23\/amlo-tacha-de-conservadores-y-fifis-a-celebridades-que-se-sumaron-a-campana-contra-tren-maya\/\" class=\"more-link\">Leer m\u00e1s<\/a><\/p>\n","protected":false},"author":2,"featured_media":19651,"comment_status":"open","ping_status":"open","sticky":false,"template":"","format":"standard","meta":{"_monsterinsights_skip_tracking":false,"_monsterinsights_sitenote_active":false,"_monsterinsights_sitenote_note":"","_monsterinsights_sitenote_category":0,"footnotes":""},"categories":[3],"tags":[],"class_list":["post-19650","post","type-post","status-publish","format-standard","has-post-thumbnail","hentry","category-nal","entry"],"aioseo_notices":[],"_links":{"self":[{"href":"https:\/\/a3noticias.com.mx\/sandbox\/wp-json\/wp\/v2\/posts\/19650","targetHints":{"allow":["GET"]}}],"collection":[{"href":"https:\/\/a3noticias.com.mx\/sandbox\/wp-json\/wp\/v2\/posts"}],"about":[{"href":"https:\/\/a3noticias.com.mx\/sandbox\/wp-json\/wp\/v2\/types\/post"}],"author":[{"embeddable":true,"href":"https:\/\/a3noticias.com.mx\/sandbox\/wp-json\/wp\/v2\/users\/2"}],"replies":[{"embeddable":true,"href":"https:\/\/a3noticias.com.mx\/sandbox\/wp-json\/wp\/v2\/comments?post=19650"}],"version-history":[{"count":1,"href":"https:\/\/a3noticias.com.mx\/sandbox\/wp-json\/wp\/v2\/posts\/19650\/revisions"}],"predecessor-version":[{"id":19652,"href":"https:\/\/a3noticias.com.mx\/sandbox\/wp-json\/wp\/v2\/posts\/19650\/revisions\/19652"}],"wp:featuredmedia":[{"embeddable":true,"href":"https:\/\/a3noticias.com.mx\/sandbox\/wp-json\/wp\/v2\/media\/19651"}],"wp:attachment":[{"href":"https:\/\/a3noticias.com.mx\/sandbox\/wp-json\/wp\/v2\/media?parent=19650"}],"wp:term":[{"taxonomy":"category","embeddable":true,"href":"https:\/\/a3noticias.com.mx\/sandbox\/wp-json\/wp\/v2\/categories?post=19650"},{"taxonomy":"post_tag","embeddable":true,"href":"https:\/\/a3noticias.com.mx\/sandbox\/wp-json\/wp\/v2\/tags?post=19650"}],"curies":[{"name":"wp","href":"https:\/\/api.w.org\/{rel}","templated":true}]}}