{"id":19653,"date":"2022-03-23T10:28:31","date_gmt":"2022-03-23T16:28:31","guid":{"rendered":"https:\/\/a3noticias.com.mx\/sandbox\/?p=19653"},"modified":"2022-03-23T10:28:32","modified_gmt":"2022-03-23T16:28:32","slug":"policias-que-agredieron-y-robaron-a-docente-de-la-uaq-podrian-ser-dados-de-baja-sspmq","status":"publish","type":"post","link":"https:\/\/a3noticias.com.mx\/sandbox\/2022\/03\/23\/policias-que-agredieron-y-robaron-a-docente-de-la-uaq-podrian-ser-dados-de-baja-sspmq\/","title":{"rendered":"Polic\u00edas que agredieron y robaron a docente de la UAQ podr\u00edan ser dados de baja: SSPMQ"},"content":{"rendered":"\n<p>El titular de la Secretar\u00eda de Seguridad P\u00fablica municipal de Quer\u00e9taro (SSPMQ), Juan Lu\u00eds Ferrusca Ortiz, dijo que se solicitar\u00e1 la baja de los dos elementos que presuntamente golpearon y asaltaron a un profesor de la Universidad Aut\u00f3noma de Quer\u00e9taro (UAQ).<\/p>\n\n\n\n<p>Ferrusca se\u00f1al\u00f3 que, el 21 de marzo, Marco Antonio Sosa, docente de la Licenciatura en Educaci\u00f3n F\u00edsica de la Universidad Aut\u00f3noma de Quer\u00e9taro (UAQ) acudi\u00f3 a la Secretar\u00eda para interponer su queja ante el \u00d3rgano de Control Interno en contra de los polic\u00edas, por lo que ya se dio inici\u00f3 a una investigaci\u00f3n.<\/p>\n\n\n\n<blockquote class=\"wp-block-quote is-layout-flow wp-block-quote-is-layout-flow\"><p>\u201cVamos a buscar inicialmente la suspensi\u00f3n de los servidores p\u00fablicos y veremos tambi\u00e9n que, de acuerdo al evento y a los datos de prueba que se puedan recabar, hasta d\u00f3nde podemos llegar, que podr\u00eda ser con la destituci\u00f3n e inhabilitaci\u00f3n. Ayer se inici\u00f3 y vamos a buscar que prontamente sean suspendidos\u201d<\/p><\/blockquote>\n\n\n\n<p>En redes sociales, el profesor dio a conocer que fue agredido por polic\u00edas municipales de Quer\u00e9taro, quienes lo despojaron de 6 mil pesos y causaron da\u00f1os con la patrulla a su veh\u00edculo particular.<\/p>\n","protected":false},"excerpt":{"rendered":"<p>El titular de la Secretar\u00eda de Seguridad P\u00fablica municipal de Quer\u00e9taro (SSPMQ), Juan Lu\u00eds Ferrusca Ortiz, dijo que se solicitar\u00e1 la baja de los dos elementos que presuntamente golpearon y &hellip; <a href=\"https:\/\/a3noticias.com.mx\/sandbox\/2022\/03\/23\/policias-que-agredieron-y-robaron-a-docente-de-la-uaq-podrian-ser-dados-de-baja-sspmq\/\" class=\"more-link\">Leer m\u00e1s<\/a><\/p>\n","protected":false},"author":2,"featured_media":19654,"comment_status":"open","ping_status":"open","sticky":false,"template":"","format":"standard","meta":{"_monsterinsights_skip_tracking":false,"_monsterinsights_sitenote_active":false,"_monsterinsights_sitenote_note":"","_monsterinsights_sitenote_category":0,"footnotes":""},"categories":[2],"tags":[],"class_list":["post-19653","post","type-post","status-publish","format-standard","has-post-thumbnail","hentry","category-qro","entry"],"aioseo_notices":[],"_links":{"self":[{"href":"https:\/\/a3noticias.com.mx\/sandbox\/wp-json\/wp\/v2\/posts\/19653","targetHints":{"allow":["GET"]}}],"collection":[{"href":"https:\/\/a3noticias.com.mx\/sandbox\/wp-json\/wp\/v2\/posts"}],"about":[{"href":"https:\/\/a3noticias.com.mx\/sandbox\/wp-json\/wp\/v2\/types\/post"}],"author":[{"embeddable":true,"href":"https:\/\/a3noticias.com.mx\/sandbox\/wp-json\/wp\/v2\/users\/2"}],"replies":[{"embeddable":true,"href":"https:\/\/a3noticias.com.mx\/sandbox\/wp-json\/wp\/v2\/comments?post=19653"}],"version-history":[{"count":1,"href":"https:\/\/a3noticias.com.mx\/sandbox\/wp-json\/wp\/v2\/posts\/19653\/revisions"}],"predecessor-version":[{"id":19655,"href":"https:\/\/a3noticias.com.mx\/sandbox\/wp-json\/wp\/v2\/posts\/19653\/revisions\/19655"}],"wp:featuredmedia":[{"embeddable":true,"href":"https:\/\/a3noticias.com.mx\/sandbox\/wp-json\/wp\/v2\/media\/19654"}],"wp:attachment":[{"href":"https:\/\/a3noticias.com.mx\/sandbox\/wp-json\/wp\/v2\/media?parent=19653"}],"wp:term":[{"taxonomy":"category","embeddable":true,"href":"https:\/\/a3noticias.com.mx\/sandbox\/wp-json\/wp\/v2\/categories?post=19653"},{"taxonomy":"post_tag","embeddable":true,"href":"https:\/\/a3noticias.com.mx\/sandbox\/wp-json\/wp\/v2\/tags?post=19653"}],"curies":[{"name":"wp","href":"https:\/\/api.w.org\/{rel}","templated":true}]}}