{"id":19665,"date":"2022-03-23T11:50:48","date_gmt":"2022-03-23T17:50:48","guid":{"rendered":"https:\/\/a3noticias.com.mx\/sandbox\/?p=19665"},"modified":"2022-03-23T11:50:49","modified_gmt":"2022-03-23T17:50:49","slug":"revisaran-normativas-para-realizacion-de-eventos-masivos-en-queretaro","status":"publish","type":"post","link":"https:\/\/a3noticias.com.mx\/sandbox\/2022\/03\/23\/revisaran-normativas-para-realizacion-de-eventos-masivos-en-queretaro\/","title":{"rendered":"Revisar\u00e1n normativas para realizaci\u00f3n de eventos masivos en Quer\u00e9taro"},"content":{"rendered":"\n<p>El alcalde Luis Nava, inform\u00f3 que se reunir\u00e1 con regidores de la capital del estado a fin de revisar la normativa para la realizaci\u00f3n de eventos masivos en el municipio de Quer\u00e9taro. En el encuentro se prev\u00e9 revisar tambi\u00e9n el tema de las sanciones a quienes no cumplan con los protocolos de seguridad que exigen las autoridades queretanas para la realizaci\u00f3n de este tipo de eventos.<\/p>\n\n\n\n<p>Lo anterior, derivado de la reciente cancelaci\u00f3n de algunos eventos como el concierto de Ricky Martin en Juriquilla, el pasado 15 de marzo, el cual de acuerdo con autoridades de Protecci\u00f3n Civil del municipio de Quer\u00e9taro, no contaba con los elementos de seguridad requeridos para llevarse a cabo.<\/p>\n\n\n\n<blockquote class=\"wp-block-quote is-layout-flow wp-block-quote-is-layout-flow\"><p>\u201cSe requieren algunos elementos reglamentados para poder hacerlos exigibles y que con toda claridad y transparencia, aquella persona que quiera realizar alg\u00fan evento, sepa cu\u00e1les son las condiciones que tienen que cuidar. Esta revisi\u00f3n integral implica revisar tambi\u00e9n el tema de las sanciones\u201d, apunt\u00f3 Nava Guerrero.<\/p><\/blockquote>\n\n\n\n<p>El edil confirm\u00f3 que si bien hubo inconformidad por parte de los asistentes al concierto del cantante Ricky Mart\u00edn, derivado de los hechos ocurridos en el estadio Corregidora en el partido Quer\u00e9taro vs Atlas, el pasado 5 de marzo, se&nbsp; reforzaron los protocolos de seguridad en todos los eventos masivos en la entidad, por lo que si se trata de ver por la seguridad de la ciudadan\u00eda \u201cno les podr\u00e1 temblar la mano para tomar una decisi\u00f3n\u201d.<\/p>\n\n\n\n<blockquote class=\"wp-block-quote is-layout-flow wp-block-quote-is-layout-flow\"><p>\u201cNosotros tenemos que velar, y aunque sean decisiones dif\u00edciles, no nos podr\u00e1 temblar la mano para tomar una decisi\u00f3n. Sobre todo, cuando se trata de la aplicaci\u00f3n de las medidas de seguridad con las que debe de contar un evento p\u00fablico\u201d, exclam\u00f3.<\/p><\/blockquote>\n\n\n\n<p>Con respecto a los conciertos de Alejandro Fern\u00e1ndez y de la Familia de Pepe Aguilar, se\u00f1al\u00f3 que fueron multados por rebasar los aforos permitidos.<\/p>\n\n\n\n<blockquote class=\"wp-block-quote is-layout-flow wp-block-quote-is-layout-flow\"><p>\u201cLa se\u00f1al tiene que ser muy clara. Vamos siempre a privilegiar el cuidado, la protecci\u00f3n de todas las personas que asistan a un evento p\u00fablico. Por lo mismo, tenemos que garantizar que haya estas mismas condiciones, parta que ante cualquier situaci\u00f3n de riesgo, haya la posibilidad de actuar oportunamente\u201d, manifest\u00f3.<\/p><\/blockquote>\n\n\n\n<p>Mientras tanto, el cantante espa\u00f1ol Nacho Vegas quien ten\u00eda previsto dar un concierto el pr\u00f3ximo 23 de marzo, en el Teatro Metropolitano del Quer\u00e9taro Centro de Congresos, inform\u00f3 a trav\u00e9s de sus redes sociales la cancelaci\u00f3n del evento.<\/p>\n\n\n\n<blockquote class=\"wp-block-quote is-layout-flow wp-block-quote-is-layout-flow\"><p>\u201cDebido a los hechos tan lamentables ocurridos en el Estadio Corregidora, y el estado de \u00e1nimo de las autoridades, no se podr\u00e1 realizar el evento en la fecha anunciada al no contar con los permisos necesarios para la ejecuci\u00f3n del mismo. Comprendemos la situaci\u00f3n que atraviesa la ciudad, en cuesti\u00f3n de espect\u00e1culos p\u00fablicos y eventos masivos\u201d, se lee en el comunicado.<\/p><\/blockquote>\n","protected":false},"excerpt":{"rendered":"<p>El alcalde Luis Nava, inform\u00f3 que se reunir\u00e1 con regidores de la capital del estado a fin de revisar la normativa para la realizaci\u00f3n de eventos masivos en el municipio &hellip; <a href=\"https:\/\/a3noticias.com.mx\/sandbox\/2022\/03\/23\/revisaran-normativas-para-realizacion-de-eventos-masivos-en-queretaro\/\" class=\"more-link\">Leer m\u00e1s<\/a><\/p>\n","protected":false},"author":4,"featured_media":19667,"comment_status":"open","ping_status":"open","sticky":false,"template":"","format":"standard","meta":{"_monsterinsights_skip_tracking":false,"_monsterinsights_sitenote_active":false,"_monsterinsights_sitenote_note":"","_monsterinsights_sitenote_category":0,"footnotes":""},"categories":[2],"tags":[],"class_list":["post-19665","post","type-post","status-publish","format-standard","has-post-thumbnail","hentry","category-qro","entry"],"aioseo_notices":[],"_links":{"self":[{"href":"https:\/\/a3noticias.com.mx\/sandbox\/wp-json\/wp\/v2\/posts\/19665","targetHints":{"allow":["GET"]}}],"collection":[{"href":"https:\/\/a3noticias.com.mx\/sandbox\/wp-json\/wp\/v2\/posts"}],"about":[{"href":"https:\/\/a3noticias.com.mx\/sandbox\/wp-json\/wp\/v2\/types\/post"}],"author":[{"embeddable":true,"href":"https:\/\/a3noticias.com.mx\/sandbox\/wp-json\/wp\/v2\/users\/4"}],"replies":[{"embeddable":true,"href":"https:\/\/a3noticias.com.mx\/sandbox\/wp-json\/wp\/v2\/comments?post=19665"}],"version-history":[{"count":1,"href":"https:\/\/a3noticias.com.mx\/sandbox\/wp-json\/wp\/v2\/posts\/19665\/revisions"}],"predecessor-version":[{"id":19668,"href":"https:\/\/a3noticias.com.mx\/sandbox\/wp-json\/wp\/v2\/posts\/19665\/revisions\/19668"}],"wp:featuredmedia":[{"embeddable":true,"href":"https:\/\/a3noticias.com.mx\/sandbox\/wp-json\/wp\/v2\/media\/19667"}],"wp:attachment":[{"href":"https:\/\/a3noticias.com.mx\/sandbox\/wp-json\/wp\/v2\/media?parent=19665"}],"wp:term":[{"taxonomy":"category","embeddable":true,"href":"https:\/\/a3noticias.com.mx\/sandbox\/wp-json\/wp\/v2\/categories?post=19665"},{"taxonomy":"post_tag","embeddable":true,"href":"https:\/\/a3noticias.com.mx\/sandbox\/wp-json\/wp\/v2\/tags?post=19665"}],"curies":[{"name":"wp","href":"https:\/\/api.w.org\/{rel}","templated":true}]}}