{"id":19671,"date":"2022-03-23T12:35:43","date_gmt":"2022-03-23T18:35:43","guid":{"rendered":"https:\/\/a3noticias.com.mx\/sandbox\/?p=19671"},"modified":"2022-03-23T12:35:44","modified_gmt":"2022-03-23T18:35:44","slug":"alcalde-de-huimilpan-senala-que-investigacion-por-tigre-abatido-corresponde-a-autoridades-federales","status":"publish","type":"post","link":"https:\/\/a3noticias.com.mx\/sandbox\/2022\/03\/23\/alcalde-de-huimilpan-senala-que-investigacion-por-tigre-abatido-corresponde-a-autoridades-federales\/","title":{"rendered":"Alcalde de Huimilpan se\u00f1ala que investigaci\u00f3n por tigre abatido corresponde a autoridades federales."},"content":{"rendered":"\n<p>El presidente municipal de Huimilpan, Juan Guzm\u00e1n, se\u00f1ala que la presencia del tigre que fue abatido en la demarcaci\u00f3n a su cargo, deber\u00e1 ser investigada por autoridades federales.<\/p>\n\n\n\n<p>El alcalde se\u00f1al\u00f3 que, debido a la hora en que se di\u00f3 la emergencia, fue dif\u00edcil contactar a las otras autoridades involucradas y que, por ello el apoyo que se tiene es meramente con la cuesti\u00f3n de protecci\u00f3n civil.<\/p>\n\n\n\n<p>En cuanto a las familias afectadas por sus animales atacados por el tigre, apunt\u00f3 que no emprender\u00e1n acciones legales, pues se encuentran agradecidos con las autoridades ya que se evit\u00f3 que personas pudieran haber sido da\u00f1ados por el felino.<\/p>\n\n\n\n<blockquote class=\"wp-block-quote is-layout-flow wp-block-quote-is-layout-flow\"><p>\u201cLa familia est\u00e1 muy agradecida porque protegimos a sus hijos y al entorno de la comunidad, el d\u00eda de ayer estuvimos con ellos y lo \u00fanico que hay es agradecimiento\u201d.<\/p><\/blockquote>\n\n\n\n<p>Asimismo, el alcalde se\u00f1al\u00f3 que toda la informaci\u00f3n respecto al tigre, la tienen Protecci\u00f3n civil de Gobierno del Estado de Quer\u00e9taro y Protecci\u00f3n civil del municipio de Huimilpan y que, en lo que a la presidencia respecta dan por finalizado el tema.&nbsp;<\/p>\n","protected":false},"excerpt":{"rendered":"<p>El presidente municipal de Huimilpan, Juan Guzm\u00e1n, se\u00f1ala que la presencia del tigre que fue abatido en la demarcaci\u00f3n a su cargo, deber\u00e1 ser investigada por autoridades federales. El alcalde &hellip; <a href=\"https:\/\/a3noticias.com.mx\/sandbox\/2022\/03\/23\/alcalde-de-huimilpan-senala-que-investigacion-por-tigre-abatido-corresponde-a-autoridades-federales\/\" class=\"more-link\">Leer m\u00e1s<\/a><\/p>\n","protected":false},"author":2,"featured_media":19643,"comment_status":"open","ping_status":"open","sticky":false,"template":"","format":"standard","meta":{"_monsterinsights_skip_tracking":false,"_monsterinsights_sitenote_active":false,"_monsterinsights_sitenote_note":"","_monsterinsights_sitenote_category":0,"footnotes":""},"categories":[2],"tags":[],"class_list":["post-19671","post","type-post","status-publish","format-standard","has-post-thumbnail","hentry","category-qro","entry"],"aioseo_notices":[],"_links":{"self":[{"href":"https:\/\/a3noticias.com.mx\/sandbox\/wp-json\/wp\/v2\/posts\/19671","targetHints":{"allow":["GET"]}}],"collection":[{"href":"https:\/\/a3noticias.com.mx\/sandbox\/wp-json\/wp\/v2\/posts"}],"about":[{"href":"https:\/\/a3noticias.com.mx\/sandbox\/wp-json\/wp\/v2\/types\/post"}],"author":[{"embeddable":true,"href":"https:\/\/a3noticias.com.mx\/sandbox\/wp-json\/wp\/v2\/users\/2"}],"replies":[{"embeddable":true,"href":"https:\/\/a3noticias.com.mx\/sandbox\/wp-json\/wp\/v2\/comments?post=19671"}],"version-history":[{"count":1,"href":"https:\/\/a3noticias.com.mx\/sandbox\/wp-json\/wp\/v2\/posts\/19671\/revisions"}],"predecessor-version":[{"id":19672,"href":"https:\/\/a3noticias.com.mx\/sandbox\/wp-json\/wp\/v2\/posts\/19671\/revisions\/19672"}],"wp:featuredmedia":[{"embeddable":true,"href":"https:\/\/a3noticias.com.mx\/sandbox\/wp-json\/wp\/v2\/media\/19643"}],"wp:attachment":[{"href":"https:\/\/a3noticias.com.mx\/sandbox\/wp-json\/wp\/v2\/media?parent=19671"}],"wp:term":[{"taxonomy":"category","embeddable":true,"href":"https:\/\/a3noticias.com.mx\/sandbox\/wp-json\/wp\/v2\/categories?post=19671"},{"taxonomy":"post_tag","embeddable":true,"href":"https:\/\/a3noticias.com.mx\/sandbox\/wp-json\/wp\/v2\/tags?post=19671"}],"curies":[{"name":"wp","href":"https:\/\/api.w.org\/{rel}","templated":true}]}}