{"id":19673,"date":"2022-03-23T15:54:21","date_gmt":"2022-03-23T21:54:21","guid":{"rendered":"https:\/\/a3noticias.com.mx\/sandbox\/?p=19673"},"modified":"2022-03-23T16:32:44","modified_gmt":"2022-03-23T22:32:44","slug":"regresa-la-feria-del-queso-y-el-vino-de-tequisquiapan","status":"publish","type":"post","link":"https:\/\/a3noticias.com.mx\/sandbox\/2022\/03\/23\/regresa-la-feria-del-queso-y-el-vino-de-tequisquiapan\/","title":{"rendered":"Regresa la Feria del Queso y el Vino de Tequisquiapan."},"content":{"rendered":"\n<p>Luego de una larga ausencia debido a la pandemia por Covid-19, la Feria Nacional del Queso y el Vino de Tequisquiapan regres\u00f3 y, al parecer ser\u00e1 una fiesta en grande.&nbsp;<\/p>\n\n\n\n<p>Como cada edici\u00f3n, la Feria contar\u00e1 con diversas casas productoras de vino y queso de todo el pa\u00eds, por lo que el sabor, la m\u00fasica y la diversi\u00f3n seguir\u00e1n siendo la caracter\u00edstica de este fest\u00edn.<\/p>\n\n\n\n<p>El 2022 ser\u00e1 el primer a\u00f1o en el que se reciba a otro estado de la Rep\u00fablica como invitado especial, sin embargo ser\u00e1 hasta pr\u00f3ximos d\u00edas cuando se anuncie de cu\u00e1l se trate.&nbsp;<\/p>\n\n\n\n<p>Ser\u00e1n 3 espectaculares fines de semana en los que se podr\u00e1 disfrutar en compa\u00f1\u00eda de toda la familia; la Feria se llevar\u00e1 a cabo del 20 de mayo al 5 de junio y la venta de boletos ya est\u00e1 habilitada a trav\u00e9s del sitio de bolet\u00edn, con un costo de 250 pesos m\u00e1s cargos por servicios.<\/p>\n\n\n\n<p>Los espect\u00e1culos musicales, art\u00edsticos y culturales ser\u00e1n pr\u00f3ximamente anunciados.&nbsp;<\/p>\n","protected":false},"excerpt":{"rendered":"<p>Luego de una larga ausencia debido a la pandemia por Covid-19, la Feria Nacional del Queso y el Vino de Tequisquiapan regres\u00f3 y, al parecer ser\u00e1 una fiesta en grande.&nbsp; &hellip; <a href=\"https:\/\/a3noticias.com.mx\/sandbox\/2022\/03\/23\/regresa-la-feria-del-queso-y-el-vino-de-tequisquiapan\/\" class=\"more-link\">Leer m\u00e1s<\/a><\/p>\n","protected":false},"author":2,"featured_media":19677,"comment_status":"open","ping_status":"open","sticky":false,"template":"","format":"standard","meta":{"_monsterinsights_skip_tracking":false,"_monsterinsights_sitenote_active":false,"_monsterinsights_sitenote_note":"","_monsterinsights_sitenote_category":0,"footnotes":""},"categories":[2],"tags":[],"class_list":["post-19673","post","type-post","status-publish","format-standard","has-post-thumbnail","hentry","category-qro","entry"],"aioseo_notices":[],"_links":{"self":[{"href":"https:\/\/a3noticias.com.mx\/sandbox\/wp-json\/wp\/v2\/posts\/19673","targetHints":{"allow":["GET"]}}],"collection":[{"href":"https:\/\/a3noticias.com.mx\/sandbox\/wp-json\/wp\/v2\/posts"}],"about":[{"href":"https:\/\/a3noticias.com.mx\/sandbox\/wp-json\/wp\/v2\/types\/post"}],"author":[{"embeddable":true,"href":"https:\/\/a3noticias.com.mx\/sandbox\/wp-json\/wp\/v2\/users\/2"}],"replies":[{"embeddable":true,"href":"https:\/\/a3noticias.com.mx\/sandbox\/wp-json\/wp\/v2\/comments?post=19673"}],"version-history":[{"count":1,"href":"https:\/\/a3noticias.com.mx\/sandbox\/wp-json\/wp\/v2\/posts\/19673\/revisions"}],"predecessor-version":[{"id":19675,"href":"https:\/\/a3noticias.com.mx\/sandbox\/wp-json\/wp\/v2\/posts\/19673\/revisions\/19675"}],"wp:featuredmedia":[{"embeddable":true,"href":"https:\/\/a3noticias.com.mx\/sandbox\/wp-json\/wp\/v2\/media\/19677"}],"wp:attachment":[{"href":"https:\/\/a3noticias.com.mx\/sandbox\/wp-json\/wp\/v2\/media?parent=19673"}],"wp:term":[{"taxonomy":"category","embeddable":true,"href":"https:\/\/a3noticias.com.mx\/sandbox\/wp-json\/wp\/v2\/categories?post=19673"},{"taxonomy":"post_tag","embeddable":true,"href":"https:\/\/a3noticias.com.mx\/sandbox\/wp-json\/wp\/v2\/tags?post=19673"}],"curies":[{"name":"wp","href":"https:\/\/api.w.org\/{rel}","templated":true}]}}