{"id":19679,"date":"2022-03-24T09:08:01","date_gmt":"2022-03-24T15:08:01","guid":{"rendered":"https:\/\/a3noticias.com.mx\/sandbox\/?p=19679"},"modified":"2022-03-24T09:08:03","modified_gmt":"2022-03-24T15:08:03","slug":"queretaro-con-registro-de-159-pacientes-con-sintomatologia-leve-de-covid-19","status":"publish","type":"post","link":"https:\/\/a3noticias.com.mx\/sandbox\/2022\/03\/24\/queretaro-con-registro-de-159-pacientes-con-sintomatologia-leve-de-covid-19\/","title":{"rendered":"Quer\u00e9taro con registro de 159 pacientes con sintomatolog\u00eda leve de Covid-19"},"content":{"rendered":"\n<p>En Quer\u00e9taro, una mujer de 68 a\u00f1os, sin comorbilidad, que se encontraba hospitalizada, falleci\u00f3 a causa de COVID-19.<\/p>\n\n\n\n<p>En el estado se suman 29 casos de la enfermedad; se trata de 17 mujeres y 12 hombres.&nbsp;El registro acumulado es de 137 mil 309 casos; 52% son mujeres y 48% son hombres.<\/p>\n\n\n\n<p>Se dio de alta sanitaria a 28 pacientes, con lo que se tiene un registro de 130 mil 499 altas (95.04%).<\/p>\n\n\n\n<p>Con sintomatolog\u00eda leve, aislamiento y manejo en su domicilio hay 159 pacientes y 30 hospitalizados, 11 de los cuales se encuentran graves. Se han registrado seis mil 621 defunciones.<\/p>\n\n\n\n<p>Con relaci\u00f3n a la disponibilidad de camas de hospitalizaci\u00f3n general y con ventilador, con informaci\u00f3n del 22 de marzo, se tiene una ocupaci\u00f3n de 15 por ciento, con base en la Red Negativa de Infecciones Respiratorias Agudas (IRAG).&nbsp;<\/p>\n\n\n\n<p>En Quer\u00e9taro se registra 13 por ciento de ocupaci\u00f3n de camas con ventilador y 16 por ciento en camas sin ventilador.<\/p>\n\n\n\n<p>Se exhorta a la poblaci\u00f3n a no automedicarse y,&nbsp;para prevenir la transmisi\u00f3n, lavarse las manos de manera frecuente con agua y jab\u00f3n o utilizar soluciones alcoholadas a 70%, usar cubreboca al salir de casa y mantener sana distancia entre personas&nbsp;(de 1.5 a dos metros).&nbsp;<\/p>\n\n\n\n<p>Asimismo, a quedarse en casa\u00a0cuando\u00a0se tienen enfermedades respiratorias y\u00a0comunicarse al\u00a0<em>call center<\/em>\u00a0estatal 4421015205,\u00a0para recibir orientaci\u00f3n m\u00e9dica\u00a0si se presenta alguno de los s\u00edntomas o signos como:\u00a0dificultad para respirar (dato de gravedad), fiebre (mayor a 38 grados), dolor de cabeza, tos, dolor de garganta, escurrimiento nasal,\u00a0dolor de pecho, alteraci\u00f3n del olfato o del sentido del gusto.\u00a0<\/p>\n\n\n\n<p><\/p>\n","protected":false},"excerpt":{"rendered":"<p>En Quer\u00e9taro, una mujer de 68 a\u00f1os, sin comorbilidad, que se encontraba hospitalizada, falleci\u00f3 a causa de COVID-19. En el estado se suman 29 casos de la enfermedad; se trata &hellip; <a href=\"https:\/\/a3noticias.com.mx\/sandbox\/2022\/03\/24\/queretaro-con-registro-de-159-pacientes-con-sintomatologia-leve-de-covid-19\/\" class=\"more-link\">Leer m\u00e1s<\/a><\/p>\n","protected":false},"author":4,"featured_media":19680,"comment_status":"open","ping_status":"open","sticky":false,"template":"","format":"standard","meta":{"_monsterinsights_skip_tracking":false,"_monsterinsights_sitenote_active":false,"_monsterinsights_sitenote_note":"","_monsterinsights_sitenote_category":0,"footnotes":""},"categories":[2],"tags":[],"class_list":["post-19679","post","type-post","status-publish","format-standard","has-post-thumbnail","hentry","category-qro","entry"],"aioseo_notices":[],"_links":{"self":[{"href":"https:\/\/a3noticias.com.mx\/sandbox\/wp-json\/wp\/v2\/posts\/19679","targetHints":{"allow":["GET"]}}],"collection":[{"href":"https:\/\/a3noticias.com.mx\/sandbox\/wp-json\/wp\/v2\/posts"}],"about":[{"href":"https:\/\/a3noticias.com.mx\/sandbox\/wp-json\/wp\/v2\/types\/post"}],"author":[{"embeddable":true,"href":"https:\/\/a3noticias.com.mx\/sandbox\/wp-json\/wp\/v2\/users\/4"}],"replies":[{"embeddable":true,"href":"https:\/\/a3noticias.com.mx\/sandbox\/wp-json\/wp\/v2\/comments?post=19679"}],"version-history":[{"count":1,"href":"https:\/\/a3noticias.com.mx\/sandbox\/wp-json\/wp\/v2\/posts\/19679\/revisions"}],"predecessor-version":[{"id":19681,"href":"https:\/\/a3noticias.com.mx\/sandbox\/wp-json\/wp\/v2\/posts\/19679\/revisions\/19681"}],"wp:featuredmedia":[{"embeddable":true,"href":"https:\/\/a3noticias.com.mx\/sandbox\/wp-json\/wp\/v2\/media\/19680"}],"wp:attachment":[{"href":"https:\/\/a3noticias.com.mx\/sandbox\/wp-json\/wp\/v2\/media?parent=19679"}],"wp:term":[{"taxonomy":"category","embeddable":true,"href":"https:\/\/a3noticias.com.mx\/sandbox\/wp-json\/wp\/v2\/categories?post=19679"},{"taxonomy":"post_tag","embeddable":true,"href":"https:\/\/a3noticias.com.mx\/sandbox\/wp-json\/wp\/v2\/tags?post=19679"}],"curies":[{"name":"wp","href":"https:\/\/api.w.org\/{rel}","templated":true}]}}