{"id":19682,"date":"2022-03-24T09:50:35","date_gmt":"2022-03-24T15:50:35","guid":{"rendered":"https:\/\/a3noticias.com.mx\/sandbox\/?p=19682"},"modified":"2022-03-24T09:50:37","modified_gmt":"2022-03-24T15:50:37","slug":"ine-baja-mananeras-a-amlo-ahora-llama-participar-en-revocacion-de-mandato","status":"publish","type":"post","link":"https:\/\/a3noticias.com.mx\/sandbox\/2022\/03\/24\/ine-baja-mananeras-a-amlo-ahora-llama-participar-en-revocacion-de-mandato\/","title":{"rendered":"INE baja &#8216;ma\u00f1aneras&#8217; a AMLO, ahora llama  participar en revocaci\u00f3n de mandato."},"content":{"rendered":"\n<p>Luego que el Instituto Nacional Electoral (INE) ordenara ayer bajar las conferencias ma\u00f1aneras en las que el presidente Andr\u00e9s Manuel L\u00f3pez Obrador exhibe los logros de su gobierno en periodo de veda electoral, el mandatario llam\u00f3 ahora a participar en la revocaci\u00f3n de mandato.<\/p>\n\n\n\n<blockquote class=\"wp-block-quote is-layout-flow wp-block-quote-is-layout-flow\"><p>\u00abYa se sabe que el 10 de abril va a haber esta consulta y es algo legal, leg\u00edtimo, est\u00e1 en la Constituci\u00f3n, pero adem\u00e1s tiene que ver con la democracia. Y pienso que aun con todos los obst\u00e1culos, los ciudadanos ya tienen la informaci\u00f3n y ellos van a decidir si participan o no participan, si votan en un sentido o en otro\u00bb.\u00a0<\/p><\/blockquote>\n\n\n\n<p>Los consejeros advirtieron al Mandatario federal que no aplica el decreto aprobado por el Congreso el 17 de marzo, en el que los legisladores \u00abinterpretan\u00bb el alcance del concepto de propaganda gubernamental, por lo que debe ajustarse a lo que establece la Constituci\u00f3n.<\/p>\n\n\n\n<p>En ese sentido, se le orden\u00f3 nuevamente al jefe del Ejecutivo abstenerse, en cualquier modalidad o formato de comunicaci\u00f3n oficial, realizar o emitir manifestaciones, comentarios u opiniones relacionados con logros o actividades de Gobierno, luego de que habl\u00f3 de la apertura del Aeropuerto Internacional Felipe \u00c1ngeles (AIFA), al considerar que es propaganda gubernamental.<\/p>\n\n\n\n<p>Durante la conferencia \u2018La Ma\u00f1anera&#8217; de este 24 de marzo, AMLO lament\u00f3 que el INE no diera una amplia difusi\u00f3n a la revocaci\u00f3n y que s\u00f3lo se vaya a instalar el 30 por ciento de casillas de las que usualmente se ponen en una elecci\u00f3n federal.&nbsp;<\/p>\n\n\n\n<blockquote class=\"wp-block-quote is-layout-flow wp-block-quote-is-layout-flow\"><p>\u00abHubi\u00e9semos deseado que se diera una difusi\u00f3n completa, plena, pero no fue posible (&#8230;) tambi\u00e9n hubi\u00e9semos deseado que se instalaran casillas en todos lados, pero no es as\u00ed, s\u00f3lo se van a instalar el 30 por ciento de las casillas que se instalan en una elecci\u00f3n\u00bb.<\/p><\/blockquote>\n\n\n\n<p>Asimismo, el presidente&nbsp; agreg\u00f3 que pese a todas estas carencias \u00e9l participar\u00e1 en la consulta ciudadana el pr\u00f3ximo 10 de abril.&nbsp;<\/p>\n","protected":false},"excerpt":{"rendered":"<p>Luego que el Instituto Nacional Electoral (INE) ordenara ayer bajar las conferencias ma\u00f1aneras en las que el presidente Andr\u00e9s Manuel L\u00f3pez Obrador exhibe los logros de su gobierno en periodo &hellip; <a href=\"https:\/\/a3noticias.com.mx\/sandbox\/2022\/03\/24\/ine-baja-mananeras-a-amlo-ahora-llama-participar-en-revocacion-de-mandato\/\" class=\"more-link\">Leer m\u00e1s<\/a><\/p>\n","protected":false},"author":2,"featured_media":19683,"comment_status":"open","ping_status":"open","sticky":false,"template":"","format":"standard","meta":{"_monsterinsights_skip_tracking":false,"_monsterinsights_sitenote_active":false,"_monsterinsights_sitenote_note":"","_monsterinsights_sitenote_category":0,"footnotes":""},"categories":[3],"tags":[],"class_list":["post-19682","post","type-post","status-publish","format-standard","has-post-thumbnail","hentry","category-nal","entry"],"aioseo_notices":[],"_links":{"self":[{"href":"https:\/\/a3noticias.com.mx\/sandbox\/wp-json\/wp\/v2\/posts\/19682","targetHints":{"allow":["GET"]}}],"collection":[{"href":"https:\/\/a3noticias.com.mx\/sandbox\/wp-json\/wp\/v2\/posts"}],"about":[{"href":"https:\/\/a3noticias.com.mx\/sandbox\/wp-json\/wp\/v2\/types\/post"}],"author":[{"embeddable":true,"href":"https:\/\/a3noticias.com.mx\/sandbox\/wp-json\/wp\/v2\/users\/2"}],"replies":[{"embeddable":true,"href":"https:\/\/a3noticias.com.mx\/sandbox\/wp-json\/wp\/v2\/comments?post=19682"}],"version-history":[{"count":1,"href":"https:\/\/a3noticias.com.mx\/sandbox\/wp-json\/wp\/v2\/posts\/19682\/revisions"}],"predecessor-version":[{"id":19684,"href":"https:\/\/a3noticias.com.mx\/sandbox\/wp-json\/wp\/v2\/posts\/19682\/revisions\/19684"}],"wp:featuredmedia":[{"embeddable":true,"href":"https:\/\/a3noticias.com.mx\/sandbox\/wp-json\/wp\/v2\/media\/19683"}],"wp:attachment":[{"href":"https:\/\/a3noticias.com.mx\/sandbox\/wp-json\/wp\/v2\/media?parent=19682"}],"wp:term":[{"taxonomy":"category","embeddable":true,"href":"https:\/\/a3noticias.com.mx\/sandbox\/wp-json\/wp\/v2\/categories?post=19682"},{"taxonomy":"post_tag","embeddable":true,"href":"https:\/\/a3noticias.com.mx\/sandbox\/wp-json\/wp\/v2\/tags?post=19682"}],"curies":[{"name":"wp","href":"https:\/\/api.w.org\/{rel}","templated":true}]}}