{"id":19685,"date":"2022-03-24T10:31:55","date_gmt":"2022-03-24T16:31:55","guid":{"rendered":"https:\/\/a3noticias.com.mx\/sandbox\/?p=19685"},"modified":"2022-03-24T10:31:55","modified_gmt":"2022-03-24T16:31:55","slug":"nuevo-protocolo-sanitario-para-recibir-a-peregrinos-en-la-basilica-de-soriano","status":"publish","type":"post","link":"https:\/\/a3noticias.com.mx\/sandbox\/2022\/03\/24\/nuevo-protocolo-sanitario-para-recibir-a-peregrinos-en-la-basilica-de-soriano\/","title":{"rendered":"Nuevo protocolo sanitario para recibir a peregrinos en la Bas\u00edlica de Soriano."},"content":{"rendered":"\n<p>Con la finalidad de prevenir posibles contagios en los peregrinos que asisten a visitar la Bas\u00edlica de Soriano, el municipio de Col\u00f3n estableci\u00f3 nuevos protocolos con la finalidad de que se eviten las aglomeraciones acortando tiempos al interior del templo.<\/p>\n\n\n\n<p>Entre las medidas, se estableci\u00f3 que las misas ser\u00e1n al exterior del recinto, en la Plaza de la Coronaci\u00f3n y que, quien guste entrar podr\u00e1 hacerlo, pero de forma continua, es decir, sin detenerse.<\/p>\n\n\n\n<blockquote class=\"wp-block-quote is-layout-flow wp-block-quote-is-layout-flow\"><p>\u201cPara atender a los peregrinos en lo que respecta a la celebraci\u00f3n de la misa y los sacramentos, tenemos dos a\u00f1os que la bas\u00edlica est\u00e1 cerrada y aunque tomamos estas medidas no sabemos cu\u00e1l va a ser la reacci\u00f3n de los fieles\u201d.<\/p><\/blockquote>\n\n\n\n<p>La fiesta patronal de la Virgen de Dolores de Soriano inici\u00f3 el pasado 19 de marzo y concluir\u00e1 el pr\u00f3ximo 10 de abril, por lo que se espera que el d\u00eda con mayor n\u00famero de visitas sea el Viernes de Dolores, d\u00eda en que se realice una misa solemne oficiada por el Obispo de Quer\u00e9taro, Fidencio L\u00f3pez.<\/p>\n\n\n\n<p>Se esperan visitantes del Estado de M\u00e9xico, Guanajuato e Hidalgo, con motivo de las fiestas de la virgen de los Dolores de Soriano, sin embargo se desconoce la cantidad de fieles que asistir\u00e1n.&nbsp;<\/p>\n","protected":false},"excerpt":{"rendered":"<p>Con la finalidad de prevenir posibles contagios en los peregrinos que asisten a visitar la Bas\u00edlica de Soriano, el municipio de Col\u00f3n estableci\u00f3 nuevos protocolos con la finalidad de que &hellip; <a href=\"https:\/\/a3noticias.com.mx\/sandbox\/2022\/03\/24\/nuevo-protocolo-sanitario-para-recibir-a-peregrinos-en-la-basilica-de-soriano\/\" class=\"more-link\">Leer m\u00e1s<\/a><\/p>\n","protected":false},"author":2,"featured_media":19687,"comment_status":"open","ping_status":"open","sticky":false,"template":"","format":"standard","meta":{"_monsterinsights_skip_tracking":false,"_monsterinsights_sitenote_active":false,"_monsterinsights_sitenote_note":"","_monsterinsights_sitenote_category":0,"footnotes":""},"categories":[2],"tags":[],"class_list":["post-19685","post","type-post","status-publish","format-standard","has-post-thumbnail","hentry","category-qro","entry"],"aioseo_notices":[],"_links":{"self":[{"href":"https:\/\/a3noticias.com.mx\/sandbox\/wp-json\/wp\/v2\/posts\/19685","targetHints":{"allow":["GET"]}}],"collection":[{"href":"https:\/\/a3noticias.com.mx\/sandbox\/wp-json\/wp\/v2\/posts"}],"about":[{"href":"https:\/\/a3noticias.com.mx\/sandbox\/wp-json\/wp\/v2\/types\/post"}],"author":[{"embeddable":true,"href":"https:\/\/a3noticias.com.mx\/sandbox\/wp-json\/wp\/v2\/users\/2"}],"replies":[{"embeddable":true,"href":"https:\/\/a3noticias.com.mx\/sandbox\/wp-json\/wp\/v2\/comments?post=19685"}],"version-history":[{"count":1,"href":"https:\/\/a3noticias.com.mx\/sandbox\/wp-json\/wp\/v2\/posts\/19685\/revisions"}],"predecessor-version":[{"id":19690,"href":"https:\/\/a3noticias.com.mx\/sandbox\/wp-json\/wp\/v2\/posts\/19685\/revisions\/19690"}],"wp:featuredmedia":[{"embeddable":true,"href":"https:\/\/a3noticias.com.mx\/sandbox\/wp-json\/wp\/v2\/media\/19687"}],"wp:attachment":[{"href":"https:\/\/a3noticias.com.mx\/sandbox\/wp-json\/wp\/v2\/media?parent=19685"}],"wp:term":[{"taxonomy":"category","embeddable":true,"href":"https:\/\/a3noticias.com.mx\/sandbox\/wp-json\/wp\/v2\/categories?post=19685"},{"taxonomy":"post_tag","embeddable":true,"href":"https:\/\/a3noticias.com.mx\/sandbox\/wp-json\/wp\/v2\/tags?post=19685"}],"curies":[{"name":"wp","href":"https:\/\/api.w.org\/{rel}","templated":true}]}}