{"id":19691,"date":"2022-03-24T11:10:38","date_gmt":"2022-03-24T17:10:38","guid":{"rendered":"https:\/\/a3noticias.com.mx\/sandbox\/?p=19691"},"modified":"2022-03-24T11:11:09","modified_gmt":"2022-03-24T17:11:09","slug":"luego-de-dos-anos-de-pandemia-el-aiq-esta-al-90-para-recuperarse-aiq","status":"publish","type":"post","link":"https:\/\/a3noticias.com.mx\/sandbox\/2022\/03\/24\/luego-de-dos-anos-de-pandemia-el-aiq-esta-al-90-para-recuperarse-aiq\/","title":{"rendered":"Luego de dos a\u00f1os de pandemia el AIQ est\u00e1 al 90% para recuperarse: AIQ."},"content":{"rendered":"\n<p>Marco Antonio del Prete Tercero, Secretario de Desarrollo Sustentable (Sedesu) inform\u00f3 que el Aeropuerto Intercontinental de Quer\u00e9taro se encuentra cerca de alcanzar los niveles previos a la pandemia.<\/p>\n\n\n\n<blockquote class=\"wp-block-quote is-layout-flow wp-block-quote-is-layout-flow\"><p>\u201cEn n\u00famero de pasajeros tambi\u00e9n vamos recuperando, no a los niveles del 2019, sin embargo creo que ya estamos a un 90 por ciento\u201d.<\/p><\/blockquote>\n\n\n\n<p>Lo anterior representa la movilizaci\u00f3n de entre 80 y 90 mil pasajeros al mes tras los estragos generados por la pandemia.<\/p>\n\n\n\n<p>En cuanto al transporte de carga, se\u00f1al\u00f3 que este rubro cerr\u00f3 el a\u00f1o pasado con 62 mil toneladas y que para los dos primeros meses del a\u00f1o ya van 12 mil toneladas.<\/p>\n\n\n\n<blockquote class=\"wp-block-quote is-layout-flow wp-block-quote-is-layout-flow\"><p>\u201cLa de carga&nbsp; ya se recuper\u00f3 y hasta sobrepas\u00f3 el volumen de carga que ten\u00edamos. 2018 fue el mejor a\u00f1o, 2018 tra\u00edamos 53 mil toneladas de carga y el 2021 cerramos con 62 mil toneladas de carga\u201d.&nbsp;<\/p><\/blockquote>\n","protected":false},"excerpt":{"rendered":"<p>Marco Antonio del Prete Tercero, Secretario de Desarrollo Sustentable (Sedesu) inform\u00f3 que el Aeropuerto Intercontinental de Quer\u00e9taro se encuentra cerca de alcanzar los niveles previos a la pandemia. \u201cEn n\u00famero &hellip; <a href=\"https:\/\/a3noticias.com.mx\/sandbox\/2022\/03\/24\/luego-de-dos-anos-de-pandemia-el-aiq-esta-al-90-para-recuperarse-aiq\/\" class=\"more-link\">Leer m\u00e1s<\/a><\/p>\n","protected":false},"author":2,"featured_media":17280,"comment_status":"open","ping_status":"open","sticky":false,"template":"","format":"standard","meta":{"_monsterinsights_skip_tracking":false,"_monsterinsights_sitenote_active":false,"_monsterinsights_sitenote_note":"","_monsterinsights_sitenote_category":0,"footnotes":""},"categories":[2],"tags":[],"class_list":["post-19691","post","type-post","status-publish","format-standard","has-post-thumbnail","hentry","category-qro","entry"],"aioseo_notices":[],"_links":{"self":[{"href":"https:\/\/a3noticias.com.mx\/sandbox\/wp-json\/wp\/v2\/posts\/19691","targetHints":{"allow":["GET"]}}],"collection":[{"href":"https:\/\/a3noticias.com.mx\/sandbox\/wp-json\/wp\/v2\/posts"}],"about":[{"href":"https:\/\/a3noticias.com.mx\/sandbox\/wp-json\/wp\/v2\/types\/post"}],"author":[{"embeddable":true,"href":"https:\/\/a3noticias.com.mx\/sandbox\/wp-json\/wp\/v2\/users\/2"}],"replies":[{"embeddable":true,"href":"https:\/\/a3noticias.com.mx\/sandbox\/wp-json\/wp\/v2\/comments?post=19691"}],"version-history":[{"count":2,"href":"https:\/\/a3noticias.com.mx\/sandbox\/wp-json\/wp\/v2\/posts\/19691\/revisions"}],"predecessor-version":[{"id":19693,"href":"https:\/\/a3noticias.com.mx\/sandbox\/wp-json\/wp\/v2\/posts\/19691\/revisions\/19693"}],"wp:featuredmedia":[{"embeddable":true,"href":"https:\/\/a3noticias.com.mx\/sandbox\/wp-json\/wp\/v2\/media\/17280"}],"wp:attachment":[{"href":"https:\/\/a3noticias.com.mx\/sandbox\/wp-json\/wp\/v2\/media?parent=19691"}],"wp:term":[{"taxonomy":"category","embeddable":true,"href":"https:\/\/a3noticias.com.mx\/sandbox\/wp-json\/wp\/v2\/categories?post=19691"},{"taxonomy":"post_tag","embeddable":true,"href":"https:\/\/a3noticias.com.mx\/sandbox\/wp-json\/wp\/v2\/tags?post=19691"}],"curies":[{"name":"wp","href":"https:\/\/api.w.org\/{rel}","templated":true}]}}