{"id":19700,"date":"2022-03-24T15:48:58","date_gmt":"2022-03-24T21:48:58","guid":{"rendered":"https:\/\/a3noticias.com.mx\/sandbox\/?p=19700"},"modified":"2022-03-24T15:48:59","modified_gmt":"2022-03-24T21:48:59","slug":"frida-la-perrita-rescatista-del-sismo-del-2017-se-encuentra-delicada-de-salud","status":"publish","type":"post","link":"https:\/\/a3noticias.com.mx\/sandbox\/2022\/03\/24\/frida-la-perrita-rescatista-del-sismo-del-2017-se-encuentra-delicada-de-salud\/","title":{"rendered":"Frida, la perrita rescatista del sismo del 2017, se encuentra delicada de salud."},"content":{"rendered":"\n<p>Frida, la perrita rescatista de las Fuerzas Armadas de M\u00e9xico, la cual se convirti\u00f3 en un emblema de todo el mundo durante sus heroicas haza\u00f1as en el sismo que cimbr\u00f3 M\u00e9xico en el a\u00f1o 2017, se encuentra delicada de salud.&nbsp;<\/p>\n\n\n\n<p>Cabe recordar que el 24 de junio de 2019, s\u00f3lo dos a\u00f1os despu\u00e9s de sus labores en la b\u00fasqueda de cuerpos o de sobrevivientes entre los escombros de los inmuebles que se derrumbaron tras el sismo de 7.1 grados Richter en 2017, Frida fue retirada con honores.<\/p>\n\n\n\n<p>Aquel d\u00eda, se le entreg\u00f3 un juguete de retiro y fue entregada para su custodia al Subgrupo de Control Canino de la Secci\u00f3n Tercera del Estado Mayor General de la Armada.<\/p>\n\n\n\n<p>Esto ocurri\u00f3 luego de que la perrita labradora estuviera activa durante 10 a\u00f1os, pues Frida se encontraba en labores desde el 2010, particip\u00f3 en diversos rescates alrededor del mundo. Entre los que se encuentra el terremoto de Hait\u00ed en el a\u00f1o en que comenz\u00f3 a dar servicio, un sismo desastroso en Ecuador en 2016, la explosi\u00f3n de la Torre de Pemex en 2013, y los terremotos del 9 y 17 de septiembre del 2017. En su labor en la SEMAR logr\u00f3 encontrar a 53 personas.<\/p>\n\n\n\n<p>Su fama lleg\u00f3 a otros pa\u00edses, incluso los rescatistas japoneses la apodaron \u2018Marina-Chan\u2019, ya que en su chaleco ten\u00eda el nombre \u2018Marina\u2019 y \u2018Chan\u2019 es un sufijo que se a\u00f1ade despu\u00e9s del nombre para expresar cari\u00f1o y confianza. As\u00ed, en redes sociales se dio a conocer que la fama de \u2018Frida\u2019 o \u2018Marina-Chan\u2019 lleg\u00f3 hasta tierras niponas, y decidieron rendirle homenaje en la estatua de Hachiko, uno de los sitios m\u00e1s emblem\u00e1ticos de Jap\u00f3n.<\/p>\n\n\n\n<p>Hasta el momento no hay mayor informaci\u00f3n del estado de salud de la perrita labrador, \u00fanicamente se conoce que est\u00e1 delicada y con un tratamiento especial.<\/p>\n","protected":false},"excerpt":{"rendered":"<p>Frida, la perrita rescatista de las Fuerzas Armadas de M\u00e9xico, la cual se convirti\u00f3 en un emblema de todo el mundo durante sus heroicas haza\u00f1as en el sismo que cimbr\u00f3 &hellip; <a href=\"https:\/\/a3noticias.com.mx\/sandbox\/2022\/03\/24\/frida-la-perrita-rescatista-del-sismo-del-2017-se-encuentra-delicada-de-salud\/\" class=\"more-link\">Leer m\u00e1s<\/a><\/p>\n","protected":false},"author":2,"featured_media":19701,"comment_status":"open","ping_status":"open","sticky":false,"template":"","format":"standard","meta":{"_monsterinsights_skip_tracking":false,"_monsterinsights_sitenote_active":false,"_monsterinsights_sitenote_note":"","_monsterinsights_sitenote_category":0,"footnotes":""},"categories":[3],"tags":[],"class_list":["post-19700","post","type-post","status-publish","format-standard","has-post-thumbnail","hentry","category-nal","entry"],"aioseo_notices":[],"_links":{"self":[{"href":"https:\/\/a3noticias.com.mx\/sandbox\/wp-json\/wp\/v2\/posts\/19700","targetHints":{"allow":["GET"]}}],"collection":[{"href":"https:\/\/a3noticias.com.mx\/sandbox\/wp-json\/wp\/v2\/posts"}],"about":[{"href":"https:\/\/a3noticias.com.mx\/sandbox\/wp-json\/wp\/v2\/types\/post"}],"author":[{"embeddable":true,"href":"https:\/\/a3noticias.com.mx\/sandbox\/wp-json\/wp\/v2\/users\/2"}],"replies":[{"embeddable":true,"href":"https:\/\/a3noticias.com.mx\/sandbox\/wp-json\/wp\/v2\/comments?post=19700"}],"version-history":[{"count":1,"href":"https:\/\/a3noticias.com.mx\/sandbox\/wp-json\/wp\/v2\/posts\/19700\/revisions"}],"predecessor-version":[{"id":19702,"href":"https:\/\/a3noticias.com.mx\/sandbox\/wp-json\/wp\/v2\/posts\/19700\/revisions\/19702"}],"wp:featuredmedia":[{"embeddable":true,"href":"https:\/\/a3noticias.com.mx\/sandbox\/wp-json\/wp\/v2\/media\/19701"}],"wp:attachment":[{"href":"https:\/\/a3noticias.com.mx\/sandbox\/wp-json\/wp\/v2\/media?parent=19700"}],"wp:term":[{"taxonomy":"category","embeddable":true,"href":"https:\/\/a3noticias.com.mx\/sandbox\/wp-json\/wp\/v2\/categories?post=19700"},{"taxonomy":"post_tag","embeddable":true,"href":"https:\/\/a3noticias.com.mx\/sandbox\/wp-json\/wp\/v2\/tags?post=19700"}],"curies":[{"name":"wp","href":"https:\/\/api.w.org\/{rel}","templated":true}]}}