{"id":19719,"date":"2022-03-25T10:21:22","date_gmt":"2022-03-25T16:21:22","guid":{"rendered":"https:\/\/a3noticias.com.mx\/sandbox\/?p=19719"},"modified":"2022-03-25T10:21:37","modified_gmt":"2022-03-25T16:21:37","slug":"amlo-echa-de-cabeza-a-su-secretario-de-hacienda","status":"publish","type":"post","link":"https:\/\/a3noticias.com.mx\/sandbox\/2022\/03\/25\/amlo-echa-de-cabeza-a-su-secretario-de-hacienda\/","title":{"rendered":"AMLO \u00abecha de cabeza\u00bb a su secretario de Hacienda."},"content":{"rendered":"\n<p>Durante la conferencia matutina de este viernes 25 de marzo, el presidente Andr\u00e9s Manuel L\u00f3pez Obrador \u201cech\u00f3 de cabeza\u201d a Rogelio Ram\u00edrez de la O, su secretario de Hacienda, pues revel\u00f3 que el secretario de Hacienda fue qui\u00e9n le avis\u00f3 del incremento de la tasa de inter\u00e9s del Banco de M\u00e9xico (Banxico) y \u00e9l, sin saber, la dio a conocer de forma adelantada.<\/p>\n\n\n\n<p>Esto luego de que el mandatario se adelantara en \u201cLa Ma\u00f1anera\u201d de ayer, al anunciar el incremento de la tasa de inter\u00e9s de Banxico, algo que le corresponde anunciar solamente a este organismo aut\u00f3nomo.<\/p>\n\n\n\n<p>En ese sentido, el jefe del Ejecutivo, admiti\u00f3 que se viol\u00f3 la confidencialidad de Banxico, sin embargo se\u00f1al\u00f3 que \u00e9l se adelant\u00f3 a dar esta informaci\u00f3n, porque no sab\u00eda que a\u00fan no se hab\u00eda anunciado y tambi\u00e9n porque estaba hablando de la inflaci\u00f3n en su ma\u00f1anera de ayer, y explic\u00f3 que una manera de ajustar la inflaci\u00f3n es aumentando la tasa de inter\u00e9s. Acus\u00f3 que sus adversarios hicieron un esc\u00e1ndalo por ese tema, y que todo lo que hace su gobierno es cuestionado por sus opositores.<\/p>\n\n\n\n<p>Por otro lado, AMLO reiter\u00f3 que M\u00e9xico es un pa\u00eds libre e independiente por lo que enfatiz\u00f3 que no es colonia de ning\u00fan pa\u00eds extranjero; esto luego de las opiniones emitidas por el jefe del Comando Norte estadounidense, Glen VanHerck, quien asegur\u00f3 que la agencia de espionaje militar de Rusia tiene desplegados en territorio mexicano<\/p>\n\n\n\n<blockquote class=\"wp-block-quote is-layout-flow wp-block-quote-is-layout-flow\"><p>\u201cNo somos colonia de Rusia, ni de China, ni de Estados Unidos. M\u00e9xico es un pa\u00eds independiente, libre y soberano\u201d<\/p><\/blockquote>\n\n\n\n<p>En ese tema, el jefe del Ejecutivo federal, se\u00f1al\u00f3 que no se tiene informaci\u00f3n sobre si hay esp\u00edas rusos en M\u00e9xico, pues no se proh\u00edbe a los extranjeros tener acciones legales, mientras que no se permite cometer delitos ni a mexicanos ni a extranjeros.<\/p>\n\n\n\n<p>El mandatario reiter\u00f3 que M\u00e9xico tiene como pol\u00edtica la no intervenci\u00f3n de los pa\u00edses.&nbsp;<\/p>\n","protected":false},"excerpt":{"rendered":"<p>Durante la conferencia matutina de este viernes 25 de marzo, el presidente Andr\u00e9s Manuel L\u00f3pez Obrador \u201cech\u00f3 de cabeza\u201d a Rogelio Ram\u00edrez de la O, su secretario de Hacienda, pues &hellip; <a href=\"https:\/\/a3noticias.com.mx\/sandbox\/2022\/03\/25\/amlo-echa-de-cabeza-a-su-secretario-de-hacienda\/\" class=\"more-link\">Leer m\u00e1s<\/a><\/p>\n","protected":false},"author":2,"featured_media":19720,"comment_status":"open","ping_status":"open","sticky":false,"template":"","format":"standard","meta":{"_monsterinsights_skip_tracking":false,"_monsterinsights_sitenote_active":false,"_monsterinsights_sitenote_note":"","_monsterinsights_sitenote_category":0,"footnotes":""},"categories":[3],"tags":[],"class_list":["post-19719","post","type-post","status-publish","format-standard","has-post-thumbnail","hentry","category-nal","entry"],"aioseo_notices":[],"_links":{"self":[{"href":"https:\/\/a3noticias.com.mx\/sandbox\/wp-json\/wp\/v2\/posts\/19719","targetHints":{"allow":["GET"]}}],"collection":[{"href":"https:\/\/a3noticias.com.mx\/sandbox\/wp-json\/wp\/v2\/posts"}],"about":[{"href":"https:\/\/a3noticias.com.mx\/sandbox\/wp-json\/wp\/v2\/types\/post"}],"author":[{"embeddable":true,"href":"https:\/\/a3noticias.com.mx\/sandbox\/wp-json\/wp\/v2\/users\/2"}],"replies":[{"embeddable":true,"href":"https:\/\/a3noticias.com.mx\/sandbox\/wp-json\/wp\/v2\/comments?post=19719"}],"version-history":[{"count":2,"href":"https:\/\/a3noticias.com.mx\/sandbox\/wp-json\/wp\/v2\/posts\/19719\/revisions"}],"predecessor-version":[{"id":19722,"href":"https:\/\/a3noticias.com.mx\/sandbox\/wp-json\/wp\/v2\/posts\/19719\/revisions\/19722"}],"wp:featuredmedia":[{"embeddable":true,"href":"https:\/\/a3noticias.com.mx\/sandbox\/wp-json\/wp\/v2\/media\/19720"}],"wp:attachment":[{"href":"https:\/\/a3noticias.com.mx\/sandbox\/wp-json\/wp\/v2\/media?parent=19719"}],"wp:term":[{"taxonomy":"category","embeddable":true,"href":"https:\/\/a3noticias.com.mx\/sandbox\/wp-json\/wp\/v2\/categories?post=19719"},{"taxonomy":"post_tag","embeddable":true,"href":"https:\/\/a3noticias.com.mx\/sandbox\/wp-json\/wp\/v2\/tags?post=19719"}],"curies":[{"name":"wp","href":"https:\/\/api.w.org\/{rel}","templated":true}]}}