{"id":19723,"date":"2022-03-25T10:31:05","date_gmt":"2022-03-25T16:31:05","guid":{"rendered":"https:\/\/a3noticias.com.mx\/sandbox\/?p=19723"},"modified":"2022-03-25T10:31:06","modified_gmt":"2022-03-25T16:31:06","slug":"recatan-a-venado-que-estaba-cautivo-de-manera-ilegal-en-corregidora","status":"publish","type":"post","link":"https:\/\/a3noticias.com.mx\/sandbox\/2022\/03\/25\/recatan-a-venado-que-estaba-cautivo-de-manera-ilegal-en-corregidora\/","title":{"rendered":"Recatan a venado que estaba cautivo de manera ilegal en Corregidora"},"content":{"rendered":"\n<p>Un venado que se encontraba cautivo de manera ilegal en el \u00e1rea protegida del Cimatario, en el municipio de Corregidora, fue liberado por equipos de Protecci\u00f3n Animal municipales y estatales, as\u00ed como por personal perteneciente a la Procuradur\u00eda Federal de Protecci\u00f3n al Ambiente (PROFEPA), dio a conocer el Presidente Municipal de Corregidora, Roberto Sosa Pichardo a trav\u00e9s de sus redes sociales.<\/p>\n\n\n\n<p>De acuerdo con Sosa Pichardo, esto fue posible gracias a una denuncia ciudadana de un vecino de Vista Real, por lo que r\u00e1pidamente se acudi\u00f3 al rescate del animal donde se le resguard\u00f3 y realiz\u00f3 una evaluaci\u00f3n veterinaria, para posteriormente dejarlo en libertad en su h\u00e1bitat natural.<\/p>\n\n\n\n<p>A trav\u00e9s de redes sociales, el presidente municipal de Corregidora comparti\u00f3 el video del momento en el que se llev\u00f3 a cabo el rescate del ejemplar.<\/p>\n\n\n\n<blockquote class=\"wp-block-quote is-layout-flow wp-block-quote-is-layout-flow\"><p>\u201cGracias a la denuncia ciudadana de un vecino de Vista Real, los equipos de Protecci\u00f3n Animal de Corregidora, Quer\u00e9taro y PROFEPA, lograron el rescate y la liberaci\u00f3n de un venado en el \u00e1rea protegida del Cimatario. Gran noticia y trabajo en equipo\u201d, escribi\u00f3 Sosa Pichardo en su cuenta de Facebook.<\/p><\/blockquote>\n\n\n\n<figure class=\"wp-block-video aligncenter\"><video height=\"426\" style=\"aspect-ratio: 234 \/ 426;\" width=\"234\" controls src=\"https:\/\/a3noticias.com.mx\/sandbox\/wp-content\/uploads\/2022\/03\/277370876_477427574107255_2256802486017823840_n.mp4\"><\/video><\/figure>\n","protected":false},"excerpt":{"rendered":"<p>Un venado que se encontraba cautivo de manera ilegal en el \u00e1rea protegida del Cimatario, en el municipio de Corregidora, fue liberado por equipos de Protecci\u00f3n Animal municipales y estatales, &hellip; <a href=\"https:\/\/a3noticias.com.mx\/sandbox\/2022\/03\/25\/recatan-a-venado-que-estaba-cautivo-de-manera-ilegal-en-corregidora\/\" class=\"more-link\">Leer m\u00e1s<\/a><\/p>\n","protected":false},"author":4,"featured_media":19725,"comment_status":"open","ping_status":"open","sticky":false,"template":"","format":"standard","meta":{"_monsterinsights_skip_tracking":false,"_monsterinsights_sitenote_active":false,"_monsterinsights_sitenote_note":"","_monsterinsights_sitenote_category":0,"footnotes":""},"categories":[2],"tags":[],"class_list":["post-19723","post","type-post","status-publish","format-standard","has-post-thumbnail","hentry","category-qro","entry"],"aioseo_notices":[],"_links":{"self":[{"href":"https:\/\/a3noticias.com.mx\/sandbox\/wp-json\/wp\/v2\/posts\/19723","targetHints":{"allow":["GET"]}}],"collection":[{"href":"https:\/\/a3noticias.com.mx\/sandbox\/wp-json\/wp\/v2\/posts"}],"about":[{"href":"https:\/\/a3noticias.com.mx\/sandbox\/wp-json\/wp\/v2\/types\/post"}],"author":[{"embeddable":true,"href":"https:\/\/a3noticias.com.mx\/sandbox\/wp-json\/wp\/v2\/users\/4"}],"replies":[{"embeddable":true,"href":"https:\/\/a3noticias.com.mx\/sandbox\/wp-json\/wp\/v2\/comments?post=19723"}],"version-history":[{"count":1,"href":"https:\/\/a3noticias.com.mx\/sandbox\/wp-json\/wp\/v2\/posts\/19723\/revisions"}],"predecessor-version":[{"id":19726,"href":"https:\/\/a3noticias.com.mx\/sandbox\/wp-json\/wp\/v2\/posts\/19723\/revisions\/19726"}],"wp:featuredmedia":[{"embeddable":true,"href":"https:\/\/a3noticias.com.mx\/sandbox\/wp-json\/wp\/v2\/media\/19725"}],"wp:attachment":[{"href":"https:\/\/a3noticias.com.mx\/sandbox\/wp-json\/wp\/v2\/media?parent=19723"}],"wp:term":[{"taxonomy":"category","embeddable":true,"href":"https:\/\/a3noticias.com.mx\/sandbox\/wp-json\/wp\/v2\/categories?post=19723"},{"taxonomy":"post_tag","embeddable":true,"href":"https:\/\/a3noticias.com.mx\/sandbox\/wp-json\/wp\/v2\/tags?post=19723"}],"curies":[{"name":"wp","href":"https:\/\/api.w.org\/{rel}","templated":true}]}}