{"id":19733,"date":"2022-03-25T13:23:24","date_gmt":"2022-03-25T19:23:24","guid":{"rendered":"https:\/\/a3noticias.com.mx\/sandbox\/?p=19733"},"modified":"2022-03-25T13:23:25","modified_gmt":"2022-03-25T19:23:25","slug":"exhorta-el-comite-tecnico-a-no-confiarse-por-descenso-en-indicadores-covid","status":"publish","type":"post","link":"https:\/\/a3noticias.com.mx\/sandbox\/2022\/03\/25\/exhorta-el-comite-tecnico-a-no-confiarse-por-descenso-en-indicadores-covid\/","title":{"rendered":"Exhorta el Comit\u00e9 T\u00e9cnico a no confiarse por descenso en indicadores Covid"},"content":{"rendered":"\n<p>El Comit\u00e9 T\u00e9cnico para la Atenci\u00f3n de Covid-19 inform\u00f3 que en las \u00faltimas semanas se ha mantenido un descenso sostenido en los indicadores que miden el comportamiento de la enfermedad en Quer\u00e9taro; no obstante, instaron a la sociedad a no confiarse de la tendencia a la baja, y continuar con las medidas sanitarias que ya se conocen como el uso correcto del cubreboca, el lavado frecuente de manos con agua y jab\u00f3n, mantener la sana distancia y privilegiar la realizaci\u00f3n de actividades en lugares ventilados.<\/p>\n\n\n\n<p>Los especialistas reportaron un franco descenso en el promedio de casos activos, la positividad y la ocupaci\u00f3n hospitalaria, condici\u00f3n que ha permitido mantener las adecuaciones al escenario vigente y flexibilizar la movilidad social en el estado.<\/p>\n\n\n\n<p>Asimismo, analizaron el panorama epidemiol\u00f3gico en el sector educativo, en donde se detall\u00f3 que el regreso a clases presenciales no ha tenido mayor impacto en la incidencia de casos sospechosos, casos confirmados, casos activos y brotes escolares.&nbsp;<\/p>\n\n\n\n<p>Tambi\u00e9n recordaron que hasta el momento no se ha emitido un comunicado oficial que se\u00f1ale el fin de la pandemia, y por el contrario se tiene conocimiento de que el virus es err\u00e1tico y sigue mutando, por lo que no existe riesgo cero; asimismo en el marco del comportamiento internacional de casos, se identifican pa\u00edses en Europa y en el Pac\u00edfico Occidental con aumento de casos.<\/p>\n\n\n\n<p>El Comit\u00e9 record\u00f3 que las jornadas de vacunaci\u00f3n contra el virus SARS-CoV-2 contin\u00faan en la entidad, y actualmente ya hay un alto porcentaje de personas que cuentan con el esquema completo de protecci\u00f3n, y que han acudido o se encuentran en espera de la dosis de refuerzo. En este marco, sus integrantes invitaron a las y los queretanos a mantenerse atentos a las convocatorias, pues recordaron que contar con el cuadro completo ayuda a reducir complicaciones de la enfermedad.&nbsp;<\/p>\n\n\n\n<p>Durante la reuni\u00f3n se exhort\u00f3 a la poblaci\u00f3n a que, ante cualquier s\u00edntoma respiratorio, se a\u00edslen y busquen asistencia profesional en su centro de salud m\u00e1s cercano o a trav\u00e9s de la L\u00ednea COVID (442-101-52-05), donde m\u00e9dicas y m\u00e9dicos especializados brindan atenci\u00f3n las 24 horas del d\u00eda toda la semana.<\/p>\n\n\n\n<p>Las y los integrantes del Comit\u00e9 indicaron que se continuar\u00e1 con el monitoreo de la enfermedad y el respeto a las medidas sanitarias, mostr\u00e1ndose atentos a cualquier variaci\u00f3n que implique modificaciones en el escenario actual.<\/p>\n","protected":false},"excerpt":{"rendered":"<p>El Comit\u00e9 T\u00e9cnico para la Atenci\u00f3n de Covid-19 inform\u00f3 que en las \u00faltimas semanas se ha mantenido un descenso sostenido en los indicadores que miden el comportamiento de la enfermedad &hellip; <a href=\"https:\/\/a3noticias.com.mx\/sandbox\/2022\/03\/25\/exhorta-el-comite-tecnico-a-no-confiarse-por-descenso-en-indicadores-covid\/\" class=\"more-link\">Leer m\u00e1s<\/a><\/p>\n","protected":false},"author":4,"featured_media":19068,"comment_status":"open","ping_status":"open","sticky":false,"template":"","format":"standard","meta":{"_monsterinsights_skip_tracking":false,"_monsterinsights_sitenote_active":false,"_monsterinsights_sitenote_note":"","_monsterinsights_sitenote_category":0,"footnotes":""},"categories":[2],"tags":[],"class_list":["post-19733","post","type-post","status-publish","format-standard","has-post-thumbnail","hentry","category-qro","entry"],"aioseo_notices":[],"_links":{"self":[{"href":"https:\/\/a3noticias.com.mx\/sandbox\/wp-json\/wp\/v2\/posts\/19733","targetHints":{"allow":["GET"]}}],"collection":[{"href":"https:\/\/a3noticias.com.mx\/sandbox\/wp-json\/wp\/v2\/posts"}],"about":[{"href":"https:\/\/a3noticias.com.mx\/sandbox\/wp-json\/wp\/v2\/types\/post"}],"author":[{"embeddable":true,"href":"https:\/\/a3noticias.com.mx\/sandbox\/wp-json\/wp\/v2\/users\/4"}],"replies":[{"embeddable":true,"href":"https:\/\/a3noticias.com.mx\/sandbox\/wp-json\/wp\/v2\/comments?post=19733"}],"version-history":[{"count":1,"href":"https:\/\/a3noticias.com.mx\/sandbox\/wp-json\/wp\/v2\/posts\/19733\/revisions"}],"predecessor-version":[{"id":19734,"href":"https:\/\/a3noticias.com.mx\/sandbox\/wp-json\/wp\/v2\/posts\/19733\/revisions\/19734"}],"wp:featuredmedia":[{"embeddable":true,"href":"https:\/\/a3noticias.com.mx\/sandbox\/wp-json\/wp\/v2\/media\/19068"}],"wp:attachment":[{"href":"https:\/\/a3noticias.com.mx\/sandbox\/wp-json\/wp\/v2\/media?parent=19733"}],"wp:term":[{"taxonomy":"category","embeddable":true,"href":"https:\/\/a3noticias.com.mx\/sandbox\/wp-json\/wp\/v2\/categories?post=19733"},{"taxonomy":"post_tag","embeddable":true,"href":"https:\/\/a3noticias.com.mx\/sandbox\/wp-json\/wp\/v2\/tags?post=19733"}],"curies":[{"name":"wp","href":"https:\/\/api.w.org\/{rel}","templated":true}]}}