{"id":19735,"date":"2022-03-26T09:16:47","date_gmt":"2022-03-26T15:16:47","guid":{"rendered":"https:\/\/a3noticias.com.mx\/sandbox\/?p=19735"},"modified":"2022-03-26T09:16:47","modified_gmt":"2022-03-26T15:16:47","slug":"una-defuncion-y-6-contagios-por-covid-19-este-viernes-en-queretaro","status":"publish","type":"post","link":"https:\/\/a3noticias.com.mx\/sandbox\/2022\/03\/26\/una-defuncion-y-6-contagios-por-covid-19-este-viernes-en-queretaro\/","title":{"rendered":"Una defunci\u00f3n y 6 contagios por Covid-19 este viernes en Quer\u00e9taro"},"content":{"rendered":"\n<p>En Quer\u00e9taro, un hombre de 69 a\u00f1os, con diversas comorbilidades, que se encontraba hospitalizado, falleci\u00f3 a causa de COVID-19.<\/p>\n\n\n\n<p>En el estado se suman seis casos de la enfermedad; se trata de cinco mujeres y un hombre. El registro acumulado es de 137 mil 348 casos; 52% son mujeres y 48% son hombres.<\/p>\n\n\n\n<p>Se dio de alta sanitaria a 29 pacientes, con lo que se tiene un registro de 130 mil 553 altas (95.05%).<\/p>\n\n\n\n<p>Con sintomatolog\u00eda leve, aislamiento y manejo en su domicilio hay 147 pacientes y 26 hospitalizados, nueve de los cuales se encuentran graves. Se han registrado seis mil 622 defunciones.<\/p>\n\n\n\n<p>Con relaci\u00f3n a la disponibilidad de camas de hospitalizaci\u00f3n general y con ventilador, con informaci\u00f3n del 24 de marzo, se tiene una ocupaci\u00f3n de 16 por ciento, con base en la Red Negativa de Infecciones Respiratorias Agudas (IRAG).<\/p>\n\n\n\n<p>En Quer\u00e9taro se registra 12 por ciento de ocupaci\u00f3n de camas con ventilador y 18 por ciento en camas sin ventilador.<\/p>\n\n\n\n<p>Se exhorta a la poblaci\u00f3n a no automedicarse y, para prevenir la transmisi\u00f3n, lavarse las manos de manera frecuente con agua y jab\u00f3n o utilizar soluciones alcoholadas a 70%, usar cubreboca al salir de casa y mantener sana distancia entre personas (de 1.5 a dos metros).<\/p>\n\n\n\n<p>Asimismo, a quedarse en casa cuando se tienen enfermedades respiratorias y comunicarse al&nbsp;<em>call center<\/em>&nbsp;estatal 4421015205, para recibir orientaci\u00f3n m\u00e9dica si se presenta alguno de los s\u00edntomas o signos como: dificultad para respirar (dato de gravedad), fiebre (mayor a 38 grados), dolor de cabeza, tos, dolor de garganta, escurrimiento nasal, dolor de pecho, alteraci\u00f3n del olfato o del sentido del gusto.<\/p>\n","protected":false},"excerpt":{"rendered":"<p>En Quer\u00e9taro, un hombre de 69 a\u00f1os, con diversas comorbilidades, que se encontraba hospitalizado, falleci\u00f3 a causa de COVID-19. En el estado se suman seis casos de la enfermedad; se &hellip; <a href=\"https:\/\/a3noticias.com.mx\/sandbox\/2022\/03\/26\/una-defuncion-y-6-contagios-por-covid-19-este-viernes-en-queretaro\/\" class=\"more-link\">Leer m\u00e1s<\/a><\/p>\n","protected":false},"author":4,"featured_media":19736,"comment_status":"open","ping_status":"open","sticky":false,"template":"","format":"standard","meta":{"_monsterinsights_skip_tracking":false,"_monsterinsights_sitenote_active":false,"_monsterinsights_sitenote_note":"","_monsterinsights_sitenote_category":0,"footnotes":""},"categories":[2],"tags":[],"class_list":["post-19735","post","type-post","status-publish","format-standard","has-post-thumbnail","hentry","category-qro","entry"],"aioseo_notices":[],"_links":{"self":[{"href":"https:\/\/a3noticias.com.mx\/sandbox\/wp-json\/wp\/v2\/posts\/19735","targetHints":{"allow":["GET"]}}],"collection":[{"href":"https:\/\/a3noticias.com.mx\/sandbox\/wp-json\/wp\/v2\/posts"}],"about":[{"href":"https:\/\/a3noticias.com.mx\/sandbox\/wp-json\/wp\/v2\/types\/post"}],"author":[{"embeddable":true,"href":"https:\/\/a3noticias.com.mx\/sandbox\/wp-json\/wp\/v2\/users\/4"}],"replies":[{"embeddable":true,"href":"https:\/\/a3noticias.com.mx\/sandbox\/wp-json\/wp\/v2\/comments?post=19735"}],"version-history":[{"count":1,"href":"https:\/\/a3noticias.com.mx\/sandbox\/wp-json\/wp\/v2\/posts\/19735\/revisions"}],"predecessor-version":[{"id":19737,"href":"https:\/\/a3noticias.com.mx\/sandbox\/wp-json\/wp\/v2\/posts\/19735\/revisions\/19737"}],"wp:featuredmedia":[{"embeddable":true,"href":"https:\/\/a3noticias.com.mx\/sandbox\/wp-json\/wp\/v2\/media\/19736"}],"wp:attachment":[{"href":"https:\/\/a3noticias.com.mx\/sandbox\/wp-json\/wp\/v2\/media?parent=19735"}],"wp:term":[{"taxonomy":"category","embeddable":true,"href":"https:\/\/a3noticias.com.mx\/sandbox\/wp-json\/wp\/v2\/categories?post=19735"},{"taxonomy":"post_tag","embeddable":true,"href":"https:\/\/a3noticias.com.mx\/sandbox\/wp-json\/wp\/v2\/tags?post=19735"}],"curies":[{"name":"wp","href":"https:\/\/api.w.org\/{rel}","templated":true}]}}