{"id":19738,"date":"2022-03-26T09:30:09","date_gmt":"2022-03-26T15:30:09","guid":{"rendered":"https:\/\/a3noticias.com.mx\/sandbox\/?p=19738"},"modified":"2022-03-26T09:30:11","modified_gmt":"2022-03-26T15:30:11","slug":"muere-en-colombia-taylor-hawkins-baterista-de-foo-fighters","status":"publish","type":"post","link":"https:\/\/a3noticias.com.mx\/sandbox\/2022\/03\/26\/muere-en-colombia-taylor-hawkins-baterista-de-foo-fighters\/","title":{"rendered":"Muere en Colombia Taylor Hawkins, baterista de Foo Fighters"},"content":{"rendered":"\n<p><strong>El baterista de la banda de rock estadounidense Foo Fighters, Taylor Hawkins, falleci\u00f3 a los 50 a\u00f1os en Colombia.<\/strong><\/p>\n\n\n\n<p>La noticia fue dada a conocer por la agrupaci\u00f3n este viernes a trav\u00e9s de un comunicado en su cuenta de Twitter.<\/p>\n\n\n\n<blockquote class=\"wp-block-quote is-style-large is-layout-flow wp-block-quote-is-layout-flow\"><p>\u00abLa familia Foo Fighters est\u00e1 devastada por<strong>\u00a0la tr\u00e1gica y prematura\u00a0p\u00e9rdida\u00a0de nuestro amado Taylor Hawkins<\/strong>\u00ab, dice la publicaci\u00f3n.<\/p><\/blockquote>\n\n\n\n<blockquote class=\"wp-block-quote is-style-large is-layout-flow wp-block-quote-is-layout-flow\"><p>\u00abSu esp\u00edritu musical y risa contagiosa vivir\u00e1 con todos nosotros por siempre. Nuestros corazones est\u00e1n con su esposa, hijos y familia, y pedimos que su privacidad sea tratada con m\u00e1ximo respeto en este inimaginable dif\u00edcil momento\u00bb.<\/p><\/blockquote>\n\n\n\n<figure class=\"wp-block-embed-twitter wp-block-embed is-type-rich is-provider-twitter\"><div class=\"wp-block-embed__wrapper\">\n<blockquote class=\"twitter-tweet\" data-width=\"550\" data-dnt=\"true\"><p lang=\"und\" dir=\"ltr\"><a href=\"https:\/\/t.co\/ffPHhUKRT4\">pic.twitter.com\/ffPHhUKRT4<\/a><\/p>&mdash; Foo Fighters (@foofighters) <a href=\"https:\/\/twitter.com\/foofighters\/status\/1507552958988255234?ref_src=twsrc%5Etfw\">March 26, 2022<\/a><\/blockquote><script async src=\"https:\/\/platform.twitter.com\/widgets.js\" charset=\"utf-8\"><\/script>\n<\/div><\/figure>\n\n\n\n<p>La banda estaba en el cartel de este viernes del festival Est\u00e9reo Picnic, el cual se celebra en la capital de Colombia; sin embargo, la banda anunci\u00f3 la cancelaci\u00f3n de su participaci\u00f3n debido a <strong>\u201cuna situaci\u00f3n m\u00e9dica de much\u00edsima gravedad\u201d.<\/strong><\/p>\n\n\n\n<p>De acuerdo con publicaciones locales, Hawkins fue encontrado sin vida en un hotel del norte de Bogot\u00e1.<\/p>\n\n\n\n<p>Tras conocerse la noticia en el lugar donde se llevaba a cabo Est\u00e9reo Picnic, <strong>en algunos de los escenarios comenzaron a tocar My Hero de Foo Fighters<\/strong>, seg\u00fan Beatriz de la Pava, periodista de BBC Minute.<\/p>\n\n\n\n<blockquote class=\"wp-block-quote is-style-large is-layout-flow wp-block-quote-is-layout-flow\"><p>\u00abColocaron velas en el escenario donde se supon\u00eda que iban a tocar los Foo Fighters. Mucha gente estaba llorando y algunos DJs que se supon\u00eda que tocar\u00edan los sets cancelaron, aunque la gente solo quer\u00eda m\u00e1s y m\u00e1s m\u00fasica de Foo Fighters\u201d, cont\u00f3.\u00a0<\/p><\/blockquote>\n","protected":false},"excerpt":{"rendered":"<p>El baterista de la banda de rock estadounidense Foo Fighters, Taylor Hawkins, falleci\u00f3 a los 50 a\u00f1os en Colombia. La noticia fue dada a conocer por la agrupaci\u00f3n este viernes &hellip; <a href=\"https:\/\/a3noticias.com.mx\/sandbox\/2022\/03\/26\/muere-en-colombia-taylor-hawkins-baterista-de-foo-fighters\/\" class=\"more-link\">Leer m\u00e1s<\/a><\/p>\n","protected":false},"author":4,"featured_media":19739,"comment_status":"open","ping_status":"open","sticky":false,"template":"","format":"standard","meta":{"_monsterinsights_skip_tracking":false,"_monsterinsights_sitenote_active":false,"_monsterinsights_sitenote_note":"","_monsterinsights_sitenote_category":0,"footnotes":""},"categories":[13,4],"tags":[],"class_list":["post-19738","post","type-post","status-publish","format-standard","has-post-thumbnail","hentry","category-entretenimiento","category-inter","entry"],"aioseo_notices":[],"_links":{"self":[{"href":"https:\/\/a3noticias.com.mx\/sandbox\/wp-json\/wp\/v2\/posts\/19738","targetHints":{"allow":["GET"]}}],"collection":[{"href":"https:\/\/a3noticias.com.mx\/sandbox\/wp-json\/wp\/v2\/posts"}],"about":[{"href":"https:\/\/a3noticias.com.mx\/sandbox\/wp-json\/wp\/v2\/types\/post"}],"author":[{"embeddable":true,"href":"https:\/\/a3noticias.com.mx\/sandbox\/wp-json\/wp\/v2\/users\/4"}],"replies":[{"embeddable":true,"href":"https:\/\/a3noticias.com.mx\/sandbox\/wp-json\/wp\/v2\/comments?post=19738"}],"version-history":[{"count":1,"href":"https:\/\/a3noticias.com.mx\/sandbox\/wp-json\/wp\/v2\/posts\/19738\/revisions"}],"predecessor-version":[{"id":19740,"href":"https:\/\/a3noticias.com.mx\/sandbox\/wp-json\/wp\/v2\/posts\/19738\/revisions\/19740"}],"wp:featuredmedia":[{"embeddable":true,"href":"https:\/\/a3noticias.com.mx\/sandbox\/wp-json\/wp\/v2\/media\/19739"}],"wp:attachment":[{"href":"https:\/\/a3noticias.com.mx\/sandbox\/wp-json\/wp\/v2\/media?parent=19738"}],"wp:term":[{"taxonomy":"category","embeddable":true,"href":"https:\/\/a3noticias.com.mx\/sandbox\/wp-json\/wp\/v2\/categories?post=19738"},{"taxonomy":"post_tag","embeddable":true,"href":"https:\/\/a3noticias.com.mx\/sandbox\/wp-json\/wp\/v2\/tags?post=19738"}],"curies":[{"name":"wp","href":"https:\/\/api.w.org\/{rel}","templated":true}]}}