{"id":19744,"date":"2022-03-26T13:09:11","date_gmt":"2022-03-26T19:09:11","guid":{"rendered":"https:\/\/a3noticias.com.mx\/sandbox\/?p=19744"},"modified":"2022-03-26T13:09:12","modified_gmt":"2022-03-26T19:09:12","slug":"gallos-blancos-se-quedan-en-queretaro-orozco","status":"publish","type":"post","link":"https:\/\/a3noticias.com.mx\/sandbox\/2022\/03\/26\/gallos-blancos-se-quedan-en-queretaro-orozco\/","title":{"rendered":"Gallos Blancos se quedan en Quer\u00e9taro: Orozco"},"content":{"rendered":"\n<p>El empresario Francisco Javier Orozco asegur\u00f3 que no le asustan las sanciones a las que se hizo acreedor el Club Quer\u00e9taro tras los hechos ocurridos el 5 de marzo en el Estadio Corregidora, y asegur\u00f3 que la franquicia se queda en el estado.<\/p>\n\n\n\n<p>El empresario declar\u00f3 para TUDN que las platicas con Grupo Caliente (actual due\u00f1o de Gallos Blancos) contin\u00faan y que est\u00e1 pr\u00e1cticamente cerrado el trato, s\u00f3lo falta el aval de la Liga MX para poder oficializar la operaci\u00f3n, por lo que ser\u00eda durante el verano cuando el nuevo due\u00f1o del club queretano podr\u00eda tomar la operaci\u00f3n del equipo.<\/p>\n\n\n\n<blockquote class=\"wp-block-quote is-style-large is-layout-flow wp-block-quote-is-layout-flow\"><p>\u201c<strong>Est\u00e1 un trato hecho de palabra con Jorge Hank, el cual no se puede autorizar hasta que est\u00e9 avalado por el Comit\u00e9 de Due\u00f1os.<\/strong>\u00a0Las pl\u00e1ticas en cuesti\u00f3n de econ\u00f3micamente ya se hizo, pero como sabes esto no depende de un trato comercial normal, sino que hay una evaluaci\u00f3n de la Federaci\u00f3n, ya estamos en ese tr\u00e1mite. Lo que puede ir para adelante o para atr\u00e1s es el consejo de due\u00f1os\u201d, se\u00f1al\u00f3 el propietario de Nox M\u00f3vil.<\/p><\/blockquote>\n\n\n\n<p><strong>Orozo ya ha incursionado en el deporte como due\u00f1o de los Dinos, equipo de la Liga de Futbol Americano Profesional (LFA), y con los Algodoneros de Uni\u00f3n Laguna<\/strong>, en la Liga Mexicana de Beisbol (LMB).<\/p>\n\n\n\n<blockquote class=\"wp-block-quote is-style-large is-layout-flow wp-block-quote-is-layout-flow\"><p>\u201cLa Asamblea de Due\u00f1os es en mayo, pensando, por lo que he escuchado es que empezar\u00eda a ser due\u00f1o a partir del pr\u00f3ximo torneo\u201d, a\u00f1adi\u00f3.<\/p><\/blockquote>\n\n\n\n<p>El empresario asegur\u00f3 que los Gallos \u201cno se van\u201d de Quer\u00e9taro, con todo y las repercusiones econ\u00f3micas que tendr\u00e1 la franquicia por el castigo de un a\u00f1o sin p\u00fablico, pues asegur\u00f3 que planea mantener al equipo en Quer\u00e9taro y fue contundente al decir que es la condici\u00f3n para comprar a los emplumados.<\/p>\n\n\n\n<blockquote class=\"wp-block-quote is-style-large is-layout-flow wp-block-quote-is-layout-flow\"><p>\u201cQuedarse (los Gallos) en Quer\u00e9taro, y vivo aqu\u00ed llevo un a\u00f1o y medio y la idea es que el equipo se quede en Quer\u00e9taro, yo no le entrar\u00eda si el equipo se va de Quer\u00e9taro\u201d, asever\u00f3.\u00a0<\/p><\/blockquote>\n\n\n\n<p>Ante los rumores de que hab\u00edan dos socios dentro de las negociaciones, entre ellos Roberto Alvarado, actual propietario de Libertadores de Quer\u00e9taro, Orozco afirm\u00f3 que no hay nadie m\u00e1s, \u201cahorita estoy como \u00fanico due\u00f1o\u201d.<\/p>\n","protected":false},"excerpt":{"rendered":"<p>El empresario Francisco Javier Orozco asegur\u00f3 que no le asustan las sanciones a las que se hizo acreedor el Club Quer\u00e9taro tras los hechos ocurridos el 5 de marzo en &hellip; <a href=\"https:\/\/a3noticias.com.mx\/sandbox\/2022\/03\/26\/gallos-blancos-se-quedan-en-queretaro-orozco\/\" class=\"more-link\">Leer m\u00e1s<\/a><\/p>\n","protected":false},"author":4,"featured_media":19745,"comment_status":"open","ping_status":"open","sticky":false,"template":"","format":"standard","meta":{"_monsterinsights_skip_tracking":false,"_monsterinsights_sitenote_active":false,"_monsterinsights_sitenote_note":"","_monsterinsights_sitenote_category":0,"footnotes":""},"categories":[2],"tags":[],"class_list":["post-19744","post","type-post","status-publish","format-standard","has-post-thumbnail","hentry","category-qro","entry"],"aioseo_notices":[],"_links":{"self":[{"href":"https:\/\/a3noticias.com.mx\/sandbox\/wp-json\/wp\/v2\/posts\/19744","targetHints":{"allow":["GET"]}}],"collection":[{"href":"https:\/\/a3noticias.com.mx\/sandbox\/wp-json\/wp\/v2\/posts"}],"about":[{"href":"https:\/\/a3noticias.com.mx\/sandbox\/wp-json\/wp\/v2\/types\/post"}],"author":[{"embeddable":true,"href":"https:\/\/a3noticias.com.mx\/sandbox\/wp-json\/wp\/v2\/users\/4"}],"replies":[{"embeddable":true,"href":"https:\/\/a3noticias.com.mx\/sandbox\/wp-json\/wp\/v2\/comments?post=19744"}],"version-history":[{"count":1,"href":"https:\/\/a3noticias.com.mx\/sandbox\/wp-json\/wp\/v2\/posts\/19744\/revisions"}],"predecessor-version":[{"id":19746,"href":"https:\/\/a3noticias.com.mx\/sandbox\/wp-json\/wp\/v2\/posts\/19744\/revisions\/19746"}],"wp:featuredmedia":[{"embeddable":true,"href":"https:\/\/a3noticias.com.mx\/sandbox\/wp-json\/wp\/v2\/media\/19745"}],"wp:attachment":[{"href":"https:\/\/a3noticias.com.mx\/sandbox\/wp-json\/wp\/v2\/media?parent=19744"}],"wp:term":[{"taxonomy":"category","embeddable":true,"href":"https:\/\/a3noticias.com.mx\/sandbox\/wp-json\/wp\/v2\/categories?post=19744"},{"taxonomy":"post_tag","embeddable":true,"href":"https:\/\/a3noticias.com.mx\/sandbox\/wp-json\/wp\/v2\/tags?post=19744"}],"curies":[{"name":"wp","href":"https:\/\/api.w.org\/{rel}","templated":true}]}}