{"id":19747,"date":"2022-03-27T11:15:49","date_gmt":"2022-03-27T17:15:49","guid":{"rendered":"https:\/\/a3noticias.com.mx\/sandbox\/?p=19747"},"modified":"2022-03-27T11:15:50","modified_gmt":"2022-03-27T17:15:50","slug":"llama-sesa-a-aplicarse-la-vacuna-contra-la-influenza","status":"publish","type":"post","link":"https:\/\/a3noticias.com.mx\/sandbox\/2022\/03\/27\/llama-sesa-a-aplicarse-la-vacuna-contra-la-influenza\/","title":{"rendered":"Llama SESA a aplicarse la vacuna contra la Influenza"},"content":{"rendered":"\n<p>La Secretar\u00eda de Salud del estado de Quer\u00e9taro (SESA), informa&nbsp;que&nbsp;en la temporada de fr\u00edo aumenta el riesgo de presentar infecciones respiratorias agudas, entre ellas la&nbsp;Influenza, por lo que se&nbsp;exhorta a las&nbsp;mam\u00e1s, pap\u00e1s o tutores de menores de entre seis a 59 meses de edad, y a las&nbsp;personas de 60 a\u00f1os y m\u00e1s, embarazadas, personal de salud, as\u00ed como a la poblaci\u00f3n de cinco a 59 a\u00f1os con condiciones de riesgo como diabetes mellitus, cardiopat\u00edas, c\u00e1ncer, asma, enfermedad pulmonar obstructiva cr\u00f3nica, VIH, y obesidad m\u00f3rbida, a acudir a recibir la vacuna.&nbsp;<\/p>\n\n\n\n<p>La vacuna se aplica en los Centros de Salud y en Unidades M\u00e9dicas Familiares del Instituto Mexicano del Seguro Social (IMSS) y del Instituto de Seguridad y Servicios Sociales de los Trabajadores del Estado (ISSSTE), as\u00ed como en el m\u00f3dulo ubicado en Plaza de Armas, calle 5 de mayo, colonia Centro, municipio de Quer\u00e9taro, de lunes a viernes de 09:00 a 14:00 horas. Se recomienda acudir con la cartilla de vacunaci\u00f3n para el registro de la aplicaci\u00f3n de la vacuna.<\/p>\n\n\n\n<p>En lo que va de la temporada de fr\u00edo 2021-2022 (semana epidemiol\u00f3gica 40-12) se han registrado en la entidad 168 casos positivos de Influenza: 152 en el municipio de Quer\u00e9taro, siete en Corregidora, tres en El Marqu\u00e9s, tres en San Juan del R\u00edo, uno en Cadereyta de Montes, uno en Tequisquiapan y uno en Ezequiel Montes, distribuidos en un rango de entre los dos y 80 a\u00f1os, sin que se hayan registrado defunciones por este motivo.&nbsp;<\/p>\n\n\n\n<p>Durante este per\u00edodo se han reportado a nivel nacional dos mil 770 casos positivos a influenza, y se han notificado 114 defunciones.&nbsp;La Influenza es una enfermedad respiratoria viral, contagiosa, y aguda, cuyas caracter\u00edsticas son fiebre, tos, dolor de cabeza, muscular y de garganta, ojos llorosos, malestar general, y en situaciones m\u00e1s graves con dificultad para respirar.&nbsp;<\/p>\n\n\n\n<p>Los signos y s\u00edntomas difieren en funci\u00f3n de la edad de las personas infectadas; mientras que las hospitalizaciones y las defunciones se presentan en los grupos con mayor vulnerabilidad: ni\u00f1os menores de cinco a\u00f1os, adultos mayores de 60 a\u00f1os y personas con enfermedades cr\u00f3nicas.<\/p>\n\n\n\n<p>Para prevenir la Influenza, as\u00ed como otras enfermedades respiratorias, es importante que la poblaci\u00f3n atienda las siguientes recomendaciones:<\/p>\n\n\n\n<ul class=\"wp-block-list\"><li>Lavarse las manos de forma frecuente con agua y jab\u00f3n, o bien, utilizar gel con base de alcohol.<\/li><li>Al toser o estornudar, cubrirse nariz y boca con un pa\u00f1uelo desechable o con el \u00e1ngulo interno del brazo.<\/li><li>Utilizar cubreboca al salir de casa.<\/li><li>No tocarse la cara con las manos sucias.<\/li><li>Limpiar y desinfectar superficies y objetos de uso com\u00fan.<\/li><li>Abrigarse bien y evitar cambios bruscos de temperatura.<\/li><li>Aumentar el consumo de alimentos ricos en vitaminas C y D (frutas y verduras), as\u00ed como l\u00edquidos.<\/li><\/ul>\n\n\n\n<p>Ante la presencia de s\u00edntomas respiratorios como dificultad para respirar (dato de gravedad), fiebre (mayor a 38 grados), dolor de cabeza, tos, dolor de garganta o escurrimiento nasal, es importante quedarse en casa, no automedicarse y comunicarse al&nbsp;<em>call center<\/em>&nbsp;44 21 01 52 05 para recibir orientaci\u00f3n m\u00e9dica.&nbsp;<\/p>\n","protected":false},"excerpt":{"rendered":"<p>La Secretar\u00eda de Salud del estado de Quer\u00e9taro (SESA), informa&nbsp;que&nbsp;en la temporada de fr\u00edo aumenta el riesgo de presentar infecciones respiratorias agudas, entre ellas la&nbsp;Influenza, por lo que se&nbsp;exhorta a &hellip; <a href=\"https:\/\/a3noticias.com.mx\/sandbox\/2022\/03\/27\/llama-sesa-a-aplicarse-la-vacuna-contra-la-influenza\/\" class=\"more-link\">Leer m\u00e1s<\/a><\/p>\n","protected":false},"author":4,"featured_media":19748,"comment_status":"open","ping_status":"open","sticky":false,"template":"","format":"standard","meta":{"_monsterinsights_skip_tracking":false,"_monsterinsights_sitenote_active":false,"_monsterinsights_sitenote_note":"","_monsterinsights_sitenote_category":0,"footnotes":""},"categories":[2],"tags":[],"class_list":["post-19747","post","type-post","status-publish","format-standard","has-post-thumbnail","hentry","category-qro","entry"],"aioseo_notices":[],"_links":{"self":[{"href":"https:\/\/a3noticias.com.mx\/sandbox\/wp-json\/wp\/v2\/posts\/19747","targetHints":{"allow":["GET"]}}],"collection":[{"href":"https:\/\/a3noticias.com.mx\/sandbox\/wp-json\/wp\/v2\/posts"}],"about":[{"href":"https:\/\/a3noticias.com.mx\/sandbox\/wp-json\/wp\/v2\/types\/post"}],"author":[{"embeddable":true,"href":"https:\/\/a3noticias.com.mx\/sandbox\/wp-json\/wp\/v2\/users\/4"}],"replies":[{"embeddable":true,"href":"https:\/\/a3noticias.com.mx\/sandbox\/wp-json\/wp\/v2\/comments?post=19747"}],"version-history":[{"count":1,"href":"https:\/\/a3noticias.com.mx\/sandbox\/wp-json\/wp\/v2\/posts\/19747\/revisions"}],"predecessor-version":[{"id":19749,"href":"https:\/\/a3noticias.com.mx\/sandbox\/wp-json\/wp\/v2\/posts\/19747\/revisions\/19749"}],"wp:featuredmedia":[{"embeddable":true,"href":"https:\/\/a3noticias.com.mx\/sandbox\/wp-json\/wp\/v2\/media\/19748"}],"wp:attachment":[{"href":"https:\/\/a3noticias.com.mx\/sandbox\/wp-json\/wp\/v2\/media?parent=19747"}],"wp:term":[{"taxonomy":"category","embeddable":true,"href":"https:\/\/a3noticias.com.mx\/sandbox\/wp-json\/wp\/v2\/categories?post=19747"},{"taxonomy":"post_tag","embeddable":true,"href":"https:\/\/a3noticias.com.mx\/sandbox\/wp-json\/wp\/v2\/tags?post=19747"}],"curies":[{"name":"wp","href":"https:\/\/api.w.org\/{rel}","templated":true}]}}