{"id":19753,"date":"2022-03-27T11:25:27","date_gmt":"2022-03-27T17:25:27","guid":{"rendered":"https:\/\/a3noticias.com.mx\/sandbox\/?p=19753"},"modified":"2022-03-27T11:28:04","modified_gmt":"2022-03-27T17:28:04","slug":"taekwondo-queretano-consigue-primer-lugar-en-macrorregional","status":"publish","type":"post","link":"https:\/\/a3noticias.com.mx\/sandbox\/2022\/03\/27\/taekwondo-queretano-consigue-primer-lugar-en-macrorregional\/","title":{"rendered":"Taekwondo queretano consigue primer lugar en Macrorregional"},"content":{"rendered":"\n<p>La selecci\u00f3n queretana de taekwondo particip\u00f3 en el Macrorregional rumbo a Juegos Nacionales CONADE, en el que, con 37 clasificados a dicha justa, Quer\u00e9taro obtuvo el primer lugar de la regi\u00f3n, por encima del Estado de M\u00e9xico, que hasta el a\u00f1o pasado ostentaba dicha posici\u00f3n.<\/p>\n\n\n\n<p>En la modalidad de Poomase se logr\u00f3 obtener nueve clasificados a Juegos Nacionales, cuando en 2021 Quer\u00e9taro tuvo un solo representante, y en esta ocasi\u00f3n tendr\u00e1 competidores en individual, tercias y parejas en las categor\u00edas de infantil, cadete y juvenil.<\/p>\n\n\n\n<blockquote class=\"wp-block-quote is-style-large is-layout-flow wp-block-quote-is-layout-flow\"><p>\u201cEs una modalidad que venimos trabajando desde hace unos a\u00f1os, en ediciones anteriores se hab\u00eda complicado, el a\u00f1o pasado solamente fue un competidor y ahora llevamos seis, esto nos permite estar a la par de estados grandes como hist\u00f3ricamente lo ha hecho Jalisco, Nuevo Le\u00f3n, Oaxaca, pero estoy seguro que en esta ocasi\u00f3n estaremos peleando las medallas\u201d, expres\u00f3 Osiris Romero Avi\u00f1a, presidente de la Asociaci\u00f3n de Taekwondo de Quer\u00e9taro.<\/p><\/blockquote>\n\n\n\n<p>En total, Quer\u00e9taro particip\u00f3 con 76 atletas, 55 en la modalidad de combate y 21 de poomase. Los estados que participaron en este evento fueron: Hidalgo, Estado de M\u00e9xico, Guanajuato, el Instituto Mexicano del Seguro Social (IMSS) y el anfitri\u00f3n Quer\u00e9taro, evento que se realiz\u00f3 en el Auditorio General Jos\u00e9 Mar\u00eda Arteaga.<\/p>\n\n\n\n<blockquote class=\"wp-block-quote is-style-large is-layout-flow wp-block-quote-is-layout-flow\"><p>\u201cSeguiremos trabajando con el equipo seleccionado para los Juegos Nacionales, en Semana Santa estaremos trabajando, estamos planeando un campamento en Campo Alegre, en San Joaqu\u00edn, esto nos ayuda adem\u00e1s de lo f\u00edsico, tambi\u00e9n a la integraci\u00f3n del equipo, y el siguiente fin de semana viene el Campeonato Nacional en Chihuahua. Pr\u00f3ximamente en Tabasco tendremos otro nacional para infantiles y as\u00ed estaremos compitiendo en varios eventos\u201d, se\u00f1al\u00f3 Romero Avi\u00f1a.<\/p><\/blockquote>\n\n\n\n<p>Los Juegos Nacionales CONADE 2022 para taekwondo se llevar\u00e1n a cabo en Mazatl\u00e1n durante los \u00faltimos d\u00edas de junio, y en la modalidad de combate participar\u00e1n las categor\u00edas de cadetes, juvenil y sub 20.<\/p>\n","protected":false},"excerpt":{"rendered":"<p>La selecci\u00f3n queretana de taekwondo particip\u00f3 en el Macrorregional rumbo a Juegos Nacionales CONADE, en el que, con 37 clasificados a dicha justa, Quer\u00e9taro obtuvo el primer lugar de la &hellip; <a href=\"https:\/\/a3noticias.com.mx\/sandbox\/2022\/03\/27\/taekwondo-queretano-consigue-primer-lugar-en-macrorregional\/\" class=\"more-link\">Leer m\u00e1s<\/a><\/p>\n","protected":false},"author":4,"featured_media":19754,"comment_status":"open","ping_status":"open","sticky":false,"template":"","format":"standard","meta":{"_monsterinsights_skip_tracking":false,"_monsterinsights_sitenote_active":false,"_monsterinsights_sitenote_note":"","_monsterinsights_sitenote_category":0,"footnotes":""},"categories":[5,2],"tags":[],"class_list":["post-19753","post","type-post","status-publish","format-standard","has-post-thumbnail","hentry","category-sports","category-qro","entry"],"aioseo_notices":[],"_links":{"self":[{"href":"https:\/\/a3noticias.com.mx\/sandbox\/wp-json\/wp\/v2\/posts\/19753","targetHints":{"allow":["GET"]}}],"collection":[{"href":"https:\/\/a3noticias.com.mx\/sandbox\/wp-json\/wp\/v2\/posts"}],"about":[{"href":"https:\/\/a3noticias.com.mx\/sandbox\/wp-json\/wp\/v2\/types\/post"}],"author":[{"embeddable":true,"href":"https:\/\/a3noticias.com.mx\/sandbox\/wp-json\/wp\/v2\/users\/4"}],"replies":[{"embeddable":true,"href":"https:\/\/a3noticias.com.mx\/sandbox\/wp-json\/wp\/v2\/comments?post=19753"}],"version-history":[{"count":1,"href":"https:\/\/a3noticias.com.mx\/sandbox\/wp-json\/wp\/v2\/posts\/19753\/revisions"}],"predecessor-version":[{"id":19755,"href":"https:\/\/a3noticias.com.mx\/sandbox\/wp-json\/wp\/v2\/posts\/19753\/revisions\/19755"}],"wp:featuredmedia":[{"embeddable":true,"href":"https:\/\/a3noticias.com.mx\/sandbox\/wp-json\/wp\/v2\/media\/19754"}],"wp:attachment":[{"href":"https:\/\/a3noticias.com.mx\/sandbox\/wp-json\/wp\/v2\/media?parent=19753"}],"wp:term":[{"taxonomy":"category","embeddable":true,"href":"https:\/\/a3noticias.com.mx\/sandbox\/wp-json\/wp\/v2\/categories?post=19753"},{"taxonomy":"post_tag","embeddable":true,"href":"https:\/\/a3noticias.com.mx\/sandbox\/wp-json\/wp\/v2\/tags?post=19753"}],"curies":[{"name":"wp","href":"https:\/\/api.w.org\/{rel}","templated":true}]}}