{"id":19760,"date":"2022-03-28T09:04:17","date_gmt":"2022-03-28T15:04:17","guid":{"rendered":"https:\/\/a3noticias.com.mx\/sandbox\/?p=19760"},"modified":"2022-03-28T09:04:18","modified_gmt":"2022-03-28T15:04:18","slug":"continuaran-vigentes-en-queretaro-todas-las-medidas-de-prevencion-contra-covid-19","status":"publish","type":"post","link":"https:\/\/a3noticias.com.mx\/sandbox\/2022\/03\/28\/continuaran-vigentes-en-queretaro-todas-las-medidas-de-prevencion-contra-covid-19\/","title":{"rendered":"Continuar\u00e1n vigentes en Quer\u00e9taro todas las medidas de prevenci\u00f3n contra Covid-19"},"content":{"rendered":"\n<p>El vocero Organizacional, Erick Ventura, inform\u00f3 que continuar\u00e1n vigentes en el estado todas las medidas de prevenci\u00f3n ya conocidas, como el uso del cubreboca, la sana distancia, el lavado continuo de manos, la ventilaci\u00f3n de espacios, as\u00ed como la recomendaci\u00f3n de evitar lugares muy concurridos y sobre todo la de acceder al cuadro completo de vacunaci\u00f3n. <\/p>\n\n\n\n<p>Dio a conocer que el Comit\u00e9 T\u00e9cnico acord\u00f3 que una posible flexibilizaci\u00f3n de restricciones debe ser de forma cauta, paulatina y medida, como hasta ahora se ha hecho.<\/p>\n\n\n\n<p>El Vocero expuso que la Organizaci\u00f3n Mundial de la Salud (OMS), alert\u00f3 que, aunque los decesos por complicaciones de Covid-19 siguen disminuyendo en el mundo, se ha presentado un alza de casos, cercana al 7%.<\/p>\n\n\n\n<p>Explic\u00f3 que, de acuerdo con el organismo internacional, este incremento de casos se debe, principalmente a que algunos pa\u00edses que hab\u00edan impuesto fuertes restricciones a su poblaci\u00f3n por la pandemia las retiraron prematuramente, adem\u00e1s de la alta transmisibilidad de la variante \u00d3micron.<\/p>\n\n\n\n<p>Afirm\u00f3 que, <strong>aunque en Quer\u00e9taro se puede considerar que la cuarta ola de la pandemia va en retirada, debemos estar conscientes de que un incremento de la movilidad, sin las debidas precauciones, podr\u00eda llevar a situaciones que hoy ya se han superado.<\/strong><\/p>\n\n\n\n<p>Inform\u00f3 que de acuerdo con el reporte diario de m\u00e9tricas de gobierno del estado, del 11 al 23 febrero de este a\u00f1o, se registraron m\u00e1s de cuatro mil 960 casos positivos de Covid-19;\u00a0\u00a0mientras que en el mismo periodo, pero de marzo, se contabilizaron s\u00f3lo un promedio de 200 casos activos.<\/p>\n\n\n\n<blockquote class=\"wp-block-quote is-style-large is-layout-flow wp-block-quote-is-layout-flow\"><p>\u201cLos n\u00fameros reflejan que estamos dejando atr\u00e1s la peor oleada de contagios\u201d, enfatiz\u00f3.<\/p><\/blockquote>\n\n\n\n<p>Sin embargo, se\u00f1al\u00f3 que <strong>la positividad en el estado es cercana al 23 por ciento, lo que demuestra que el virus sigue circulando en nuestro entorno<\/strong>. <\/p>\n\n\n\n<p>Detall\u00f3 que el Comit\u00e9 T\u00e9cnico continuar\u00e1 evaluando, de forma permanente, el comportamiento del virus en nuestra entidad, sobre todo ante la proximidad de las vacaciones de Semana Santa.<\/p>\n\n\n\n<p>El Vocero dese\u00f3 que esta temporada brinde un respiro econ\u00f3mico al sector tur\u00edstico, y solicit\u00f3 a quienes lo integran llevar a cabo todas las medidas de prevenci\u00f3n, a fin de que las vacaciones sean afortunadas para todos en Quer\u00e9taro, que es siempre un destino seguro.<\/p>\n\n\n\n<p><\/p>\n","protected":false},"excerpt":{"rendered":"<p>El vocero Organizacional, Erick Ventura, inform\u00f3 que continuar\u00e1n vigentes en el estado todas las medidas de prevenci\u00f3n ya conocidas, como el uso del cubreboca, la sana distancia, el lavado continuo &hellip; <a href=\"https:\/\/a3noticias.com.mx\/sandbox\/2022\/03\/28\/continuaran-vigentes-en-queretaro-todas-las-medidas-de-prevencion-contra-covid-19\/\" class=\"more-link\">Leer m\u00e1s<\/a><\/p>\n","protected":false},"author":4,"featured_media":19761,"comment_status":"open","ping_status":"open","sticky":false,"template":"","format":"standard","meta":{"_monsterinsights_skip_tracking":false,"_monsterinsights_sitenote_active":false,"_monsterinsights_sitenote_note":"","_monsterinsights_sitenote_category":0,"footnotes":""},"categories":[2],"tags":[],"class_list":["post-19760","post","type-post","status-publish","format-standard","has-post-thumbnail","hentry","category-qro","entry"],"aioseo_notices":[],"_links":{"self":[{"href":"https:\/\/a3noticias.com.mx\/sandbox\/wp-json\/wp\/v2\/posts\/19760","targetHints":{"allow":["GET"]}}],"collection":[{"href":"https:\/\/a3noticias.com.mx\/sandbox\/wp-json\/wp\/v2\/posts"}],"about":[{"href":"https:\/\/a3noticias.com.mx\/sandbox\/wp-json\/wp\/v2\/types\/post"}],"author":[{"embeddable":true,"href":"https:\/\/a3noticias.com.mx\/sandbox\/wp-json\/wp\/v2\/users\/4"}],"replies":[{"embeddable":true,"href":"https:\/\/a3noticias.com.mx\/sandbox\/wp-json\/wp\/v2\/comments?post=19760"}],"version-history":[{"count":1,"href":"https:\/\/a3noticias.com.mx\/sandbox\/wp-json\/wp\/v2\/posts\/19760\/revisions"}],"predecessor-version":[{"id":19762,"href":"https:\/\/a3noticias.com.mx\/sandbox\/wp-json\/wp\/v2\/posts\/19760\/revisions\/19762"}],"wp:featuredmedia":[{"embeddable":true,"href":"https:\/\/a3noticias.com.mx\/sandbox\/wp-json\/wp\/v2\/media\/19761"}],"wp:attachment":[{"href":"https:\/\/a3noticias.com.mx\/sandbox\/wp-json\/wp\/v2\/media?parent=19760"}],"wp:term":[{"taxonomy":"category","embeddable":true,"href":"https:\/\/a3noticias.com.mx\/sandbox\/wp-json\/wp\/v2\/categories?post=19760"},{"taxonomy":"post_tag","embeddable":true,"href":"https:\/\/a3noticias.com.mx\/sandbox\/wp-json\/wp\/v2\/tags?post=19760"}],"curies":[{"name":"wp","href":"https:\/\/api.w.org\/{rel}","templated":true}]}}