{"id":19769,"date":"2022-03-28T10:41:32","date_gmt":"2022-03-28T16:41:32","guid":{"rendered":"https:\/\/a3noticias.com.mx\/sandbox\/?p=19769"},"modified":"2022-03-28T10:41:32","modified_gmt":"2022-03-28T16:41:32","slug":"amlo-senala-que-masacre-de-zinapecuaro-se-dio-entre-grupos-criminales","status":"publish","type":"post","link":"https:\/\/a3noticias.com.mx\/sandbox\/2022\/03\/28\/amlo-senala-que-masacre-de-zinapecuaro-se-dio-entre-grupos-criminales\/","title":{"rendered":"AMLO se\u00f1ala que masacre de Zinap\u00e9cuaro se dio entre grupos criminales."},"content":{"rendered":"\n<p>El presidente de M\u00e9xico, Andr\u00e9s Manuel L\u00f3pez Obrador habl\u00f3 acerca de la masacre ocurrida en Zinap\u00e9cuaro, Michoac\u00e1n, en donde fueron asesinadas 20 personas. <\/p>\n\n\n\n<p>Durante su conferencia \u2018La Ma\u00f1anera\u2019, el jefe del Ejecutivo federal, se\u00f1al\u00f3 que los hechos suscitados en tierras michoacanas, se dieron entre grupos criminales. En ese sentido, lament\u00f3 que haya habido muchos muertos y resalt\u00f3 que los heridos ya est\u00e1n siendo atendidos.<\/p>\n\n\n\n<blockquote class=\"wp-block-quote is-layout-flow wp-block-quote-is-layout-flow\"><p>\u201cS\u00ed, fue una masacre de un grupo contra otro, en un palenque clandestino donde estaban, llegaron y balacearon a los asistentes. Hubo desgraciadamente muchos muertos; tambi\u00e9n heridos, est\u00e1n siendo atendidos\u201d.\u00a0<\/p><\/blockquote>\n\n\n\n<p>El mandatario se\u00f1al\u00f3 que ya se envi\u00f3 un equipo especial para apoyar con la investigaci\u00f3n.<\/p>\n\n\n\n<p>La noche de este domingo se registr\u00f3 un ataque armado en un palenque clandestino en la localidad de Las Tinajas, Zinap\u00e9cuaro. Las autoridades locales reportaron 17 hombres y tres mujeres con heridas por disparos de arma de fuego; en el sitio se aseguraron 15 veh\u00edculos y se ubicaron m\u00e1s de 100 casquillos percutidos calibre 7.62 mil\u00edmetros.<\/p>\n\n\n\n<p>Hasta el momento se han registrado 20 muertes.&nbsp;<\/p>\n","protected":false},"excerpt":{"rendered":"<p>El presidente de M\u00e9xico, Andr\u00e9s Manuel L\u00f3pez Obrador habl\u00f3 acerca de la masacre ocurrida en Zinap\u00e9cuaro, Michoac\u00e1n, en donde fueron asesinadas 20 personas. Durante su conferencia \u2018La Ma\u00f1anera\u2019, el jefe &hellip; <a href=\"https:\/\/a3noticias.com.mx\/sandbox\/2022\/03\/28\/amlo-senala-que-masacre-de-zinapecuaro-se-dio-entre-grupos-criminales\/\" class=\"more-link\">Leer m\u00e1s<\/a><\/p>\n","protected":false},"author":2,"featured_media":19770,"comment_status":"open","ping_status":"open","sticky":false,"template":"","format":"standard","meta":{"_monsterinsights_skip_tracking":false,"_monsterinsights_sitenote_active":false,"_monsterinsights_sitenote_note":"","_monsterinsights_sitenote_category":0,"footnotes":""},"categories":[3],"tags":[],"class_list":["post-19769","post","type-post","status-publish","format-standard","has-post-thumbnail","hentry","category-nal","entry"],"aioseo_notices":[],"_links":{"self":[{"href":"https:\/\/a3noticias.com.mx\/sandbox\/wp-json\/wp\/v2\/posts\/19769","targetHints":{"allow":["GET"]}}],"collection":[{"href":"https:\/\/a3noticias.com.mx\/sandbox\/wp-json\/wp\/v2\/posts"}],"about":[{"href":"https:\/\/a3noticias.com.mx\/sandbox\/wp-json\/wp\/v2\/types\/post"}],"author":[{"embeddable":true,"href":"https:\/\/a3noticias.com.mx\/sandbox\/wp-json\/wp\/v2\/users\/2"}],"replies":[{"embeddable":true,"href":"https:\/\/a3noticias.com.mx\/sandbox\/wp-json\/wp\/v2\/comments?post=19769"}],"version-history":[{"count":1,"href":"https:\/\/a3noticias.com.mx\/sandbox\/wp-json\/wp\/v2\/posts\/19769\/revisions"}],"predecessor-version":[{"id":19771,"href":"https:\/\/a3noticias.com.mx\/sandbox\/wp-json\/wp\/v2\/posts\/19769\/revisions\/19771"}],"wp:featuredmedia":[{"embeddable":true,"href":"https:\/\/a3noticias.com.mx\/sandbox\/wp-json\/wp\/v2\/media\/19770"}],"wp:attachment":[{"href":"https:\/\/a3noticias.com.mx\/sandbox\/wp-json\/wp\/v2\/media?parent=19769"}],"wp:term":[{"taxonomy":"category","embeddable":true,"href":"https:\/\/a3noticias.com.mx\/sandbox\/wp-json\/wp\/v2\/categories?post=19769"},{"taxonomy":"post_tag","embeddable":true,"href":"https:\/\/a3noticias.com.mx\/sandbox\/wp-json\/wp\/v2\/tags?post=19769"}],"curies":[{"name":"wp","href":"https:\/\/api.w.org\/{rel}","templated":true}]}}