{"id":19773,"date":"2022-03-28T10:53:47","date_gmt":"2022-03-28T16:53:47","guid":{"rendered":"https:\/\/a3noticias.com.mx\/sandbox\/?p=19773"},"modified":"2022-03-28T10:58:24","modified_gmt":"2022-03-28T16:58:24","slug":"aun-sin-aclararse-quien-era-el-responsable-del-tigre-ultimado-en-huimilpan","status":"publish","type":"post","link":"https:\/\/a3noticias.com.mx\/sandbox\/2022\/03\/28\/aun-sin-aclararse-quien-era-el-responsable-del-tigre-ultimado-en-huimilpan\/","title":{"rendered":"A\u00fan sin aclararse qui\u00e9n era el responsable del Tigre ultimado en Huimilpan"},"content":{"rendered":"\n<p>Han pasado ya ocho d\u00edas desde que un Tigre blanco fue sacrificado en Huimilpan por intentar atacar a las autoridades policiales que acudieron a su rescate tras 50 minutos de intentar controlarlo. Sin embargo y a pesar de existir una denuncia penal, a la fecha no se ha localizado a qui\u00e9n pertenec\u00eda el tigre, por lo que no se ha sancionado a nadie por su muerte.<\/p>\n\n\n\n<p>La Procuradur\u00eda Federal de Protecci\u00f3n al Ambiente (PROFEPA), present\u00f3 ante la Fiscal\u00eda General de la Rep\u00fablica una denuncia penal contra quien resulte responsable por la muerte del tigre, ocurrida el pasado 20 de marzo en la comunidad de La Pe\u00f1a, en el municipio de Huimilpan, sin embargo, hasta el momento no se ha localizado alg\u00fan posible responsable que se pueda se\u00f1alar como propietario, por lo que en caso de resultar serlo un zool\u00f3gico, la sanci\u00f3n podr\u00eda ser la suspensi\u00f3n, mientras que si se trata de un particular, \u00e9sta ser\u00eda su detenci\u00f3n para el deslinde de responsabilidades, se\u00f1al\u00f3 el titular de la Coordinaci\u00f3n Estatal de Protecci\u00f3n Civil, Carlos Rodr\u00edguez Dibella.<\/p>\n\n\n\n<p>Dibella indic\u00f3 que el hecho de que han transcurrido varios d\u00edas desde que esto ocurri\u00f3, ha generado presi\u00f3n por parte de los ambientalistas y la sociedad hacia las autoridades de los tres niveles de gobierno, por lo que detall\u00f3 que la investigaci\u00f3n ser\u00e1 coordinada entre las dependencias competentes.<\/p>\n\n\n\n<p>El titular de Protecci\u00f3n Civil Estatal, se\u00f1al\u00f3 que el tigre fue abatido debido a que se torn\u00f3 agresivo con los elementos de seguridad que intentaban resguardarlo, por lo que se consideraba una amenaza para la poblaci\u00f3n y tuvo que ser sacrificado.<\/p>\n\n\n\n<blockquote class=\"wp-block-quote is-layout-flow wp-block-quote-is-layout-flow\"><p>\u00abCuando existe el riesgo potencial para la poblaci\u00f3n, en este caso ya hab\u00eda atacado a unos animales de granja, incluso un caballo y borregos y adentro del domicilio y en las inmediaciones hab\u00eda familias, hab\u00eda gente que se encontraba ah\u00ed, entonces est\u00e1 situaci\u00f3n se apeg\u00f3 a todos los protocolos, pero es una situaci\u00f3n no controlada puesto que el animal se torn\u00f3 agresivo contra los oficiales de polic\u00eda de acuerdo al reporte que tenemos\u00bb acot\u00f3.<\/p><\/blockquote>\n\n\n\n<p>Inform\u00f3 que el tigre contaba con un chip de identificaci\u00f3n por lo que ser\u00e1n las autoridades federales quienes determinar\u00e1n si el ejemplar contaba con alg\u00fan registro, o bien, si pertenec\u00eda a alg\u00fan particular o a alg\u00fan zool\u00f3gico privado.<\/p>\n","protected":false},"excerpt":{"rendered":"<p>Han pasado ya ocho d\u00edas desde que un Tigre blanco fue sacrificado en Huimilpan por intentar atacar a las autoridades policiales que acudieron a su rescate tras 50 minutos de &hellip; <a href=\"https:\/\/a3noticias.com.mx\/sandbox\/2022\/03\/28\/aun-sin-aclararse-quien-era-el-responsable-del-tigre-ultimado-en-huimilpan\/\" class=\"more-link\">Leer m\u00e1s<\/a><\/p>\n","protected":false},"author":4,"featured_media":19777,"comment_status":"open","ping_status":"open","sticky":false,"template":"","format":"standard","meta":{"_monsterinsights_skip_tracking":false,"_monsterinsights_sitenote_active":false,"_monsterinsights_sitenote_note":"","_monsterinsights_sitenote_category":0,"footnotes":""},"categories":[11],"tags":[],"class_list":["post-19773","post","type-post","status-publish","format-standard","has-post-thumbnail","hentry","category-seg","entry"],"aioseo_notices":[],"_links":{"self":[{"href":"https:\/\/a3noticias.com.mx\/sandbox\/wp-json\/wp\/v2\/posts\/19773","targetHints":{"allow":["GET"]}}],"collection":[{"href":"https:\/\/a3noticias.com.mx\/sandbox\/wp-json\/wp\/v2\/posts"}],"about":[{"href":"https:\/\/a3noticias.com.mx\/sandbox\/wp-json\/wp\/v2\/types\/post"}],"author":[{"embeddable":true,"href":"https:\/\/a3noticias.com.mx\/sandbox\/wp-json\/wp\/v2\/users\/4"}],"replies":[{"embeddable":true,"href":"https:\/\/a3noticias.com.mx\/sandbox\/wp-json\/wp\/v2\/comments?post=19773"}],"version-history":[{"count":1,"href":"https:\/\/a3noticias.com.mx\/sandbox\/wp-json\/wp\/v2\/posts\/19773\/revisions"}],"predecessor-version":[{"id":19776,"href":"https:\/\/a3noticias.com.mx\/sandbox\/wp-json\/wp\/v2\/posts\/19773\/revisions\/19776"}],"wp:featuredmedia":[{"embeddable":true,"href":"https:\/\/a3noticias.com.mx\/sandbox\/wp-json\/wp\/v2\/media\/19777"}],"wp:attachment":[{"href":"https:\/\/a3noticias.com.mx\/sandbox\/wp-json\/wp\/v2\/media?parent=19773"}],"wp:term":[{"taxonomy":"category","embeddable":true,"href":"https:\/\/a3noticias.com.mx\/sandbox\/wp-json\/wp\/v2\/categories?post=19773"},{"taxonomy":"post_tag","embeddable":true,"href":"https:\/\/a3noticias.com.mx\/sandbox\/wp-json\/wp\/v2\/tags?post=19773"}],"curies":[{"name":"wp","href":"https:\/\/api.w.org\/{rel}","templated":true}]}}