{"id":19782,"date":"2022-03-28T11:23:17","date_gmt":"2022-03-28T17:23:17","guid":{"rendered":"https:\/\/a3noticias.com.mx\/sandbox\/?p=19782"},"modified":"2022-03-28T11:23:18","modified_gmt":"2022-03-28T17:23:18","slug":"uaq-anuncia-reincorporacion-de-clases-presenciales-al-cien-por-ciento","status":"publish","type":"post","link":"https:\/\/a3noticias.com.mx\/sandbox\/2022\/03\/28\/uaq-anuncia-reincorporacion-de-clases-presenciales-al-cien-por-ciento\/","title":{"rendered":"UAQ anuncia reincorporaci\u00f3n de clases presenciales al cien por ciento"},"content":{"rendered":"\n<p>La Universidad Aut\u00f3noma de Quer\u00e9taro (UAQ), anunci\u00f3 que debido al escenario actual de la contingencia sanitaria, se llevar\u00e1 a cabo la reincorporaci\u00f3n al cien por ciento de las actividades presenciales en todas sus unidades acad\u00e9micas.<\/p>\n\n\n\n<p>De acuerdo con el comunicado emitido por la m\u00e1xima casa de estudios en la entidad, ser\u00e1 a m\u00e1s tardar el 25 de abril cuando se hayan reactivado las clases presenciales al cien por ciento en todos sus campus.<\/p>\n\n\n\n<p>Se\u00f1al\u00f3 que ser\u00e1 cada unidad acad\u00e9mica la que indicar\u00e1 los tiempos establecidos para cumplir con dicha condici\u00f3n, por lo que invit\u00f3 a los padres de familia, docentes, as\u00cd como a la comunidad estudiantil, a estar pendientes de las p\u00e1ginas oficiales de la UAQ donde se informar\u00e1n las fechas de reincorporaci\u00f3n de cada plantel.<\/p>\n\n\n\n<p>Finalmente, detall\u00f3 que esto no excluye la posibilidad de que algunas clases y actividades puedan ser llevadas a cabo de manera h\u00edbrida, virtual o alternada de acuerdo a como su funcionamiento lo requiera.<\/p>\n\n\n\n<div class=\"wp-block-image\"><figure class=\"aligncenter size-large is-resized\"><img loading=\"lazy\" decoding=\"async\" src=\"https:\/\/a3noticias.com.mx\/sandbox\/wp-content\/uploads\/2022\/03\/277536731_10158684228884849_9142022357876324606_n-1-116x90.jpeg\" alt=\"\" class=\"wp-image-19783\" width=\"532\" height=\"413\" srcset=\"https:\/\/a3noticias.com.mx\/sandbox\/wp-content\/uploads\/2022\/03\/277536731_10158684228884849_9142022357876324606_n-1-116x90.jpeg 116w, https:\/\/a3noticias.com.mx\/sandbox\/wp-content\/uploads\/2022\/03\/277536731_10158684228884849_9142022357876324606_n-1-300x232.jpeg 300w\" sizes=\"auto, (max-width: 532px) 100vw, 532px\" \/><\/figure><\/div>\n","protected":false},"excerpt":{"rendered":"<p>La Universidad Aut\u00f3noma de Quer\u00e9taro (UAQ), anunci\u00f3 que debido al escenario actual de la contingencia sanitaria, se llevar\u00e1 a cabo la reincorporaci\u00f3n al cien por ciento de las actividades presenciales &hellip; <a href=\"https:\/\/a3noticias.com.mx\/sandbox\/2022\/03\/28\/uaq-anuncia-reincorporacion-de-clases-presenciales-al-cien-por-ciento\/\" class=\"more-link\">Leer m\u00e1s<\/a><\/p>\n","protected":false},"author":4,"featured_media":19784,"comment_status":"open","ping_status":"open","sticky":false,"template":"","format":"standard","meta":{"_monsterinsights_skip_tracking":false,"_monsterinsights_sitenote_active":false,"_monsterinsights_sitenote_note":"","_monsterinsights_sitenote_category":0,"footnotes":""},"categories":[2],"tags":[],"class_list":["post-19782","post","type-post","status-publish","format-standard","has-post-thumbnail","hentry","category-qro","entry"],"aioseo_notices":[],"_links":{"self":[{"href":"https:\/\/a3noticias.com.mx\/sandbox\/wp-json\/wp\/v2\/posts\/19782","targetHints":{"allow":["GET"]}}],"collection":[{"href":"https:\/\/a3noticias.com.mx\/sandbox\/wp-json\/wp\/v2\/posts"}],"about":[{"href":"https:\/\/a3noticias.com.mx\/sandbox\/wp-json\/wp\/v2\/types\/post"}],"author":[{"embeddable":true,"href":"https:\/\/a3noticias.com.mx\/sandbox\/wp-json\/wp\/v2\/users\/4"}],"replies":[{"embeddable":true,"href":"https:\/\/a3noticias.com.mx\/sandbox\/wp-json\/wp\/v2\/comments?post=19782"}],"version-history":[{"count":1,"href":"https:\/\/a3noticias.com.mx\/sandbox\/wp-json\/wp\/v2\/posts\/19782\/revisions"}],"predecessor-version":[{"id":19785,"href":"https:\/\/a3noticias.com.mx\/sandbox\/wp-json\/wp\/v2\/posts\/19782\/revisions\/19785"}],"wp:featuredmedia":[{"embeddable":true,"href":"https:\/\/a3noticias.com.mx\/sandbox\/wp-json\/wp\/v2\/media\/19784"}],"wp:attachment":[{"href":"https:\/\/a3noticias.com.mx\/sandbox\/wp-json\/wp\/v2\/media?parent=19782"}],"wp:term":[{"taxonomy":"category","embeddable":true,"href":"https:\/\/a3noticias.com.mx\/sandbox\/wp-json\/wp\/v2\/categories?post=19782"},{"taxonomy":"post_tag","embeddable":true,"href":"https:\/\/a3noticias.com.mx\/sandbox\/wp-json\/wp\/v2\/tags?post=19782"}],"curies":[{"name":"wp","href":"https:\/\/api.w.org\/{rel}","templated":true}]}}