{"id":19789,"date":"2022-03-28T13:57:38","date_gmt":"2022-03-28T19:57:38","guid":{"rendered":"https:\/\/a3noticias.com.mx\/sandbox\/?p=19789"},"modified":"2022-03-28T13:57:39","modified_gmt":"2022-03-28T19:57:39","slug":"madre-de-alfredo-solicita-activar-alerta-amber-para-encontrar-a-su-hijo","status":"publish","type":"post","link":"https:\/\/a3noticias.com.mx\/sandbox\/2022\/03\/28\/madre-de-alfredo-solicita-activar-alerta-amber-para-encontrar-a-su-hijo\/","title":{"rendered":"Madre de Alfredo solicita activar Alerta Amber para encontrar a su hijo."},"content":{"rendered":"\n<p>Altagracia Hern\u00e1ndez, madre de Alfredo Kevin Miguel P\u00e9rez Hern\u00e1ndez, el joven de 16 a\u00f1os que lleva desaparecido desde el 19 de marzo, pidi\u00f3 activar la Alerta Amber en el caso de la desaparici\u00f3n de su hijo.&nbsp;<\/p>\n\n\n\n<p>De acuerdo con la mujer, el pasado s\u00e1bado sostuvo una pl\u00e1tica con Alfredo, en la que el joven le coment\u00f3 que lo estaban sacando de Quer\u00e9taro en direcci\u00f3n al estado de Michoac\u00e1n.&nbsp;<\/p>\n\n\n\n<blockquote class=\"wp-block-quote is-layout-flow wp-block-quote-is-layout-flow\"><p>\u201cEstuvimos alrededor de un minuto y medio, casi dos minutos, y se oye preocupado muy angustiado, me dijo que le est\u00e1n sacando de Quer\u00e9taro y que lo llevaban a Michoac\u00e1n, que lo hab\u00edan reclutado\u201d, asegur\u00f3.<\/p><\/blockquote>\n\n\n\n<p>La madre de Alfredo destac\u00f3 que a\u00fan no hay un acuerdo respecto al caso de la desaparici\u00f3n de su hijo, se\u00f1al\u00f3 que la reuni\u00f3n que sostuvo con la&nbsp; secretaria de Gobierno del Estado, Guadalupe Murgu\u00eda fue \u00fanicamente \u201ctomar agua y platicar\u201d.&nbsp;<\/p>\n\n\n\n<blockquote class=\"wp-block-quote is-layout-flow wp-block-quote-is-layout-flow\"><p>\u201cAmorosamente me ofrecieron un caf\u00e9, porque ellos no pueden hacer nada, ellos pueden pedir que se haga, en ellos no est\u00e1 la facultad de levantar la Alerta, vamos a levantarla nosotros, que sea la ciudadan\u00eda quien levante la alerta\u201d.\u00a0<\/p><\/blockquote>\n\n\n\n<p>Altagracia Hern\u00e1ndez se\u00f1al\u00f3 que se va a acercar a dependencias de Derechos Humanos y que acudir\u00e1 a la calle a buscarlo todos los d\u00edas, todo el tiempo.&nbsp;<\/p>\n","protected":false},"excerpt":{"rendered":"<p>Altagracia Hern\u00e1ndez, madre de Alfredo Kevin Miguel P\u00e9rez Hern\u00e1ndez, el joven de 16 a\u00f1os que lleva desaparecido desde el 19 de marzo, pidi\u00f3 activar la Alerta Amber en el caso &hellip; <a href=\"https:\/\/a3noticias.com.mx\/sandbox\/2022\/03\/28\/madre-de-alfredo-solicita-activar-alerta-amber-para-encontrar-a-su-hijo\/\" class=\"more-link\">Leer m\u00e1s<\/a><\/p>\n","protected":false},"author":2,"featured_media":19790,"comment_status":"open","ping_status":"open","sticky":false,"template":"","format":"standard","meta":{"_monsterinsights_skip_tracking":false,"_monsterinsights_sitenote_active":false,"_monsterinsights_sitenote_note":"","_monsterinsights_sitenote_category":0,"footnotes":""},"categories":[2,11],"tags":[],"class_list":["post-19789","post","type-post","status-publish","format-standard","has-post-thumbnail","hentry","category-qro","category-seg","entry"],"aioseo_notices":[],"_links":{"self":[{"href":"https:\/\/a3noticias.com.mx\/sandbox\/wp-json\/wp\/v2\/posts\/19789","targetHints":{"allow":["GET"]}}],"collection":[{"href":"https:\/\/a3noticias.com.mx\/sandbox\/wp-json\/wp\/v2\/posts"}],"about":[{"href":"https:\/\/a3noticias.com.mx\/sandbox\/wp-json\/wp\/v2\/types\/post"}],"author":[{"embeddable":true,"href":"https:\/\/a3noticias.com.mx\/sandbox\/wp-json\/wp\/v2\/users\/2"}],"replies":[{"embeddable":true,"href":"https:\/\/a3noticias.com.mx\/sandbox\/wp-json\/wp\/v2\/comments?post=19789"}],"version-history":[{"count":1,"href":"https:\/\/a3noticias.com.mx\/sandbox\/wp-json\/wp\/v2\/posts\/19789\/revisions"}],"predecessor-version":[{"id":19791,"href":"https:\/\/a3noticias.com.mx\/sandbox\/wp-json\/wp\/v2\/posts\/19789\/revisions\/19791"}],"wp:featuredmedia":[{"embeddable":true,"href":"https:\/\/a3noticias.com.mx\/sandbox\/wp-json\/wp\/v2\/media\/19790"}],"wp:attachment":[{"href":"https:\/\/a3noticias.com.mx\/sandbox\/wp-json\/wp\/v2\/media?parent=19789"}],"wp:term":[{"taxonomy":"category","embeddable":true,"href":"https:\/\/a3noticias.com.mx\/sandbox\/wp-json\/wp\/v2\/categories?post=19789"},{"taxonomy":"post_tag","embeddable":true,"href":"https:\/\/a3noticias.com.mx\/sandbox\/wp-json\/wp\/v2\/tags?post=19789"}],"curies":[{"name":"wp","href":"https:\/\/api.w.org\/{rel}","templated":true}]}}