{"id":19798,"date":"2022-03-29T09:42:08","date_gmt":"2022-03-29T15:42:08","guid":{"rendered":"https:\/\/a3noticias.com.mx\/sandbox\/?p=19798"},"modified":"2022-03-29T09:42:09","modified_gmt":"2022-03-29T15:42:09","slug":"amlo-reitera-confianza-en-gertz-si-hay-elementos-que-denuncien","status":"publish","type":"post","link":"https:\/\/a3noticias.com.mx\/sandbox\/2022\/03\/29\/amlo-reitera-confianza-en-gertz-si-hay-elementos-que-denuncien\/","title":{"rendered":"AMLO reitera confianza en Gertz; \u00abSi hay elementos que denuncien\u00bb."},"content":{"rendered":"\n<p>El presidente, Andr\u00e9s Manuel L\u00f3pez Obrador, reiter\u00f3 nuevamente su confianza en el fiscal Alejandro Gertz Manero tras la resoluci\u00f3n de la Suprema Corte de Justicia de la Naci\u00f3n a favor de Alejandra Cuevas y su madre Laura Mor\u00e1n.<\/p>\n\n\n\n<p>En ese sentido se\u00f1al\u00f3 que si existen elementos para acusar que el fiscal general , Alejandro Gertz Manero, presion\u00f3 a la Fiscal\u00eda de Ciudad de M\u00e9xico para acusar a Alejandra Cuevas y Laura Mor\u00e1n, por la muerte de su hermano Federico, se debe presentar una denuncia y confiar en las instituciones.<\/p>\n\n\n\n<blockquote class=\"wp-block-quote is-layout-flow wp-block-quote-is-layout-flow\"><p>\u201cPienso que si existen elementos deben presentar una denuncia, confiar en las instituciones. Yo tengo confianza en el fiscal y en el presidente de la SCJN. Ahora actuaron muy bien en este caso. As\u00ed espero que sigan actuando todas las autoridades\u201d<\/p><\/blockquote>\n\n\n\n<p>Asimismo, el jefe del Ejecutivo celebr\u00f3 la resoluci\u00f3n de la SCJN sobre la liberaci\u00f3n de Alejandra Cuevas y la absoluci\u00f3n de su madre Laura Mor\u00e1n.<\/p>\n\n\n\n<blockquote class=\"wp-block-quote is-layout-flow wp-block-quote-is-layout-flow\"><p>\u201cCelebro que se haya tomado esa decisi\u00f3n por la Corte, creo que es la mejor manera de enfrentar las controversias, los conflictos, el que nos ajustemos al marco legal y que prevalezca un verdadero estado de Derecho\u201d<\/p><\/blockquote>\n","protected":false},"excerpt":{"rendered":"<p>El presidente, Andr\u00e9s Manuel L\u00f3pez Obrador, reiter\u00f3 nuevamente su confianza en el fiscal Alejandro Gertz Manero tras la resoluci\u00f3n de la Suprema Corte de Justicia de la Naci\u00f3n a favor &hellip; <a href=\"https:\/\/a3noticias.com.mx\/sandbox\/2022\/03\/29\/amlo-reitera-confianza-en-gertz-si-hay-elementos-que-denuncien\/\" class=\"more-link\">Leer m\u00e1s<\/a><\/p>\n","protected":false},"author":2,"featured_media":19799,"comment_status":"open","ping_status":"open","sticky":false,"template":"","format":"standard","meta":{"_monsterinsights_skip_tracking":false,"_monsterinsights_sitenote_active":false,"_monsterinsights_sitenote_note":"","_monsterinsights_sitenote_category":0,"footnotes":""},"categories":[3],"tags":[],"class_list":["post-19798","post","type-post","status-publish","format-standard","has-post-thumbnail","hentry","category-nal","entry"],"aioseo_notices":[],"_links":{"self":[{"href":"https:\/\/a3noticias.com.mx\/sandbox\/wp-json\/wp\/v2\/posts\/19798","targetHints":{"allow":["GET"]}}],"collection":[{"href":"https:\/\/a3noticias.com.mx\/sandbox\/wp-json\/wp\/v2\/posts"}],"about":[{"href":"https:\/\/a3noticias.com.mx\/sandbox\/wp-json\/wp\/v2\/types\/post"}],"author":[{"embeddable":true,"href":"https:\/\/a3noticias.com.mx\/sandbox\/wp-json\/wp\/v2\/users\/2"}],"replies":[{"embeddable":true,"href":"https:\/\/a3noticias.com.mx\/sandbox\/wp-json\/wp\/v2\/comments?post=19798"}],"version-history":[{"count":1,"href":"https:\/\/a3noticias.com.mx\/sandbox\/wp-json\/wp\/v2\/posts\/19798\/revisions"}],"predecessor-version":[{"id":19800,"href":"https:\/\/a3noticias.com.mx\/sandbox\/wp-json\/wp\/v2\/posts\/19798\/revisions\/19800"}],"wp:featuredmedia":[{"embeddable":true,"href":"https:\/\/a3noticias.com.mx\/sandbox\/wp-json\/wp\/v2\/media\/19799"}],"wp:attachment":[{"href":"https:\/\/a3noticias.com.mx\/sandbox\/wp-json\/wp\/v2\/media?parent=19798"}],"wp:term":[{"taxonomy":"category","embeddable":true,"href":"https:\/\/a3noticias.com.mx\/sandbox\/wp-json\/wp\/v2\/categories?post=19798"},{"taxonomy":"post_tag","embeddable":true,"href":"https:\/\/a3noticias.com.mx\/sandbox\/wp-json\/wp\/v2\/tags?post=19798"}],"curies":[{"name":"wp","href":"https:\/\/api.w.org\/{rel}","templated":true}]}}