{"id":19804,"date":"2022-03-29T14:37:24","date_gmt":"2022-03-29T20:37:24","guid":{"rendered":"https:\/\/a3noticias.com.mx\/sandbox\/?p=19804"},"modified":"2022-03-29T14:37:25","modified_gmt":"2022-03-29T20:37:25","slug":"cesar-villaluz-jugara-con-los-halcones-queretaro","status":"publish","type":"post","link":"https:\/\/a3noticias.com.mx\/sandbox\/2022\/03\/29\/cesar-villaluz-jugara-con-los-halcones-queretaro\/","title":{"rendered":"C\u00e9sar Villaluz jugar\u00e1 con los Halcones Quer\u00e9taro"},"content":{"rendered":"\n<p>El ex jugador del Cruz Azul y Campe\u00f3n del mundo Sub-17, C\u00e9sar Villaluz, se integrar\u00e1 a las filas del equipo de primera divisi\u00f3n Halcones Quer\u00e9taro como medio campista, teniendo como debut con dicho equipo, el partido a celebrarse el pr\u00f3ximo fin de semana, en la jornada 1 de la Liga de Balompi\u00e9 Mexicano.<\/p>\n\n\n\n<p>C\u00e9sar Villaluz, se mostr\u00f3 entusiasmado de pertenecer a los Halcones de Quer\u00e9taro, pues considera que es un equipo que tiene talento joven y con el que se puede hacer mucho y llegar lejos.<\/p>\n\n\n\n<blockquote class=\"wp-block-quote is-layout-flow wp-block-quote-is-layout-flow\"><p>\u201cContento por la invitaci\u00f3n, contento de formar otra vez un grupo con compa\u00f1eros nuevos y con algunos ya los conoc\u00eda (\u2026) uno siempre va a estar contento de seguir practicando, de seguir haciendo lo que m\u00e1s te gusta y con el mismo objetivo de siempre, tratar de conseguir cosas importantes\u201d, acot\u00f3.<\/p><\/blockquote>\n\n\n\n<p>Los Halcones Quer\u00e9taro son un equipo de primera divisi\u00f3n, afiliado a la Liga de Balompi\u00e9 Mexicano y tendr\u00e1n su primer encuentro de la primera jornada de la Liga como locales, contra los Toros de Neza el pr\u00f3ximo s\u00e1bado 2 de abril a las 4 de la tarde, en el estadio de la Unidad Deportiva Cadereyta de Montes.<\/p>\n\n\n\n<p>El jugador de 33 a\u00f1os, destac\u00f3 que busca aportar m\u00e1s all\u00e1 de la cancha a sus compa\u00f1eros su experiencia, para as\u00ed ayudarlos a crecer, pues es un equipo de gente joven.<\/p>\n\n\n\n<blockquote class=\"wp-block-quote is-layout-flow wp-block-quote-is-layout-flow\"><p>\u201cOjal\u00e1 que se pueda aportar un poquito la experiencia, que pueda ayudarlos a poder crecer, a tener confianza y a que se puedan desenvolver, yo creo que lo que m\u00e1s pueda aportar al equipo, aparte de lo que se pueda aportar individualmente dentro de la cancha pues siempre se tratar\u00e1 de hacer de la mejor forma y de tratar de apoyar a los compa\u00f1eros (\u2026)\u00a0 La verdad que es un proyecto muy atractivo, est\u00e1n trabajando con gente joven, est\u00e1n trabajando con la juventud, tratando de sacar talentos y eso es importante\u201d, indic\u00f3.<\/p><\/blockquote>\n\n\n\n<p>Villaluz se incorpor\u00f3 esta ma\u00f1ana a los entrenamientos del equipo y destac\u00f3 que lo importante es buscar un buen resultado en el partido que se avecina, con el fin de iniciar bien la temporada y generar confianza.<\/p>\n\n\n\n<blockquote class=\"wp-block-quote is-layout-flow wp-block-quote-is-layout-flow\"><p>\u201cDentro de la cancha ya tenemos que estar 100 por ciento preparados, 100 por ciento listos y salir a buscar el primer resultado que siempre va a ser importante para poder tomar confianza\u201d, expres\u00f3.<\/p><\/blockquote>\n\n\n\n<div class=\"wp-block-image\"><figure class=\"aligncenter size-large is-resized\"><img loading=\"lazy\" decoding=\"async\" src=\"https:\/\/a3noticias.com.mx\/sandbox\/wp-content\/uploads\/2022\/03\/Captura-de-pantalla-2022-03-29-a-las-14.34.03-136x90.png\" alt=\"\" class=\"wp-image-19809\" width=\"556\" height=\"368\" srcset=\"https:\/\/a3noticias.com.mx\/sandbox\/wp-content\/uploads\/2022\/03\/Captura-de-pantalla-2022-03-29-a-las-14.34.03-136x90.png 136w, https:\/\/a3noticias.com.mx\/sandbox\/wp-content\/uploads\/2022\/03\/Captura-de-pantalla-2022-03-29-a-las-14.34.03-300x199.png 300w, https:\/\/a3noticias.com.mx\/sandbox\/wp-content\/uploads\/2022\/03\/Captura-de-pantalla-2022-03-29-a-las-14.34.03-768x509.png 768w, https:\/\/a3noticias.com.mx\/sandbox\/wp-content\/uploads\/2022\/03\/Captura-de-pantalla-2022-03-29-a-las-14.34.03-1536x1019.png 1536w, https:\/\/a3noticias.com.mx\/sandbox\/wp-content\/uploads\/2022\/03\/Captura-de-pantalla-2022-03-29-a-las-14.34.03.png 1966w\" sizes=\"auto, (max-width: 556px) 100vw, 556px\" \/><\/figure><\/div>\n\n\n\n<div class=\"wp-block-image\"><figure class=\"aligncenter size-large is-resized\"><img loading=\"lazy\" decoding=\"async\" src=\"https:\/\/a3noticias.com.mx\/sandbox\/wp-content\/uploads\/2022\/03\/Captura-de-pantalla-2022-03-29-a-las-14.33.55-60x90.png\" alt=\"\" class=\"wp-image-19810\" width=\"443\" height=\"665\" srcset=\"https:\/\/a3noticias.com.mx\/sandbox\/wp-content\/uploads\/2022\/03\/Captura-de-pantalla-2022-03-29-a-las-14.33.55-60x90.png 60w, https:\/\/a3noticias.com.mx\/sandbox\/wp-content\/uploads\/2022\/03\/Captura-de-pantalla-2022-03-29-a-las-14.33.55-199x300.png 199w\" sizes=\"auto, (max-width: 443px) 100vw, 443px\" \/><\/figure><\/div>\n","protected":false},"excerpt":{"rendered":"<p>El ex jugador del Cruz Azul y Campe\u00f3n del mundo Sub-17, C\u00e9sar Villaluz, se integrar\u00e1 a las filas del equipo de primera divisi\u00f3n Halcones Quer\u00e9taro como medio campista, teniendo como &hellip; <a href=\"https:\/\/a3noticias.com.mx\/sandbox\/2022\/03\/29\/cesar-villaluz-jugara-con-los-halcones-queretaro\/\" class=\"more-link\">Leer m\u00e1s<\/a><\/p>\n","protected":false},"author":4,"featured_media":19811,"comment_status":"open","ping_status":"open","sticky":false,"template":"","format":"standard","meta":{"_monsterinsights_skip_tracking":false,"_monsterinsights_sitenote_active":false,"_monsterinsights_sitenote_note":"","_monsterinsights_sitenote_category":0,"footnotes":""},"categories":[5],"tags":[],"class_list":["post-19804","post","type-post","status-publish","format-standard","has-post-thumbnail","hentry","category-sports","entry"],"aioseo_notices":[],"_links":{"self":[{"href":"https:\/\/a3noticias.com.mx\/sandbox\/wp-json\/wp\/v2\/posts\/19804","targetHints":{"allow":["GET"]}}],"collection":[{"href":"https:\/\/a3noticias.com.mx\/sandbox\/wp-json\/wp\/v2\/posts"}],"about":[{"href":"https:\/\/a3noticias.com.mx\/sandbox\/wp-json\/wp\/v2\/types\/post"}],"author":[{"embeddable":true,"href":"https:\/\/a3noticias.com.mx\/sandbox\/wp-json\/wp\/v2\/users\/4"}],"replies":[{"embeddable":true,"href":"https:\/\/a3noticias.com.mx\/sandbox\/wp-json\/wp\/v2\/comments?post=19804"}],"version-history":[{"count":1,"href":"https:\/\/a3noticias.com.mx\/sandbox\/wp-json\/wp\/v2\/posts\/19804\/revisions"}],"predecessor-version":[{"id":19812,"href":"https:\/\/a3noticias.com.mx\/sandbox\/wp-json\/wp\/v2\/posts\/19804\/revisions\/19812"}],"wp:featuredmedia":[{"embeddable":true,"href":"https:\/\/a3noticias.com.mx\/sandbox\/wp-json\/wp\/v2\/media\/19811"}],"wp:attachment":[{"href":"https:\/\/a3noticias.com.mx\/sandbox\/wp-json\/wp\/v2\/media?parent=19804"}],"wp:term":[{"taxonomy":"category","embeddable":true,"href":"https:\/\/a3noticias.com.mx\/sandbox\/wp-json\/wp\/v2\/categories?post=19804"},{"taxonomy":"post_tag","embeddable":true,"href":"https:\/\/a3noticias.com.mx\/sandbox\/wp-json\/wp\/v2\/tags?post=19804"}],"curies":[{"name":"wp","href":"https:\/\/api.w.org\/{rel}","templated":true}]}}