{"id":19813,"date":"2022-03-29T15:08:32","date_gmt":"2022-03-29T21:08:32","guid":{"rendered":"https:\/\/a3noticias.com.mx\/sandbox\/?p=19813"},"modified":"2022-03-29T15:08:33","modified_gmt":"2022-03-29T21:08:33","slug":"nos-vieron-la-cara-dicen-padres-de-normalistas-de-ayotzinapa","status":"publish","type":"post","link":"https:\/\/a3noticias.com.mx\/sandbox\/2022\/03\/29\/nos-vieron-la-cara-dicen-padres-de-normalistas-de-ayotzinapa\/","title":{"rendered":"\u00abNos vieron la cara\u00bb, dicen padres de normalistas de Ayotzinapa."},"content":{"rendered":"\n<p>Han pasado ya siete a\u00f1os y seis meses de la desaparici\u00f3n de los estudiantes de la escuela Normal Rural de Ayotzinapa y los padres de familia reclaman el poco inter\u00e9s y falta de compromiso de las \u00faltimas dos administraciones.&nbsp;<\/p>\n\n\n\n<blockquote class=\"wp-block-quote is-layout-flow wp-block-quote-is-layout-flow\"><p>\u201cEstamos encabronados porque nos vieron la cara durante el proceso de investigaci\u00f3n\u201d y lamentaron el \u201cjuego sucio de las fuerzas armadas\u201d, se\u00f1al\u00f3 Mario Gonz\u00e1lez, padre de uno de los normalistas.\u00a0<\/p><\/blockquote>\n\n\n\n<p>Los padres y madres de familia se\u00f1alaron que est\u00e1n de acuerdo con el informe del Grupo Interdisciplinario de Expertos Independientes (GIEI), reconocieron un avance en la investigaci\u00f3n por lo que exigen se haga justicia y se castigue a los culpables.<\/p>\n\n\n\n<p>Lo que los padres de familia exigen es la verdad, justicia y el paradero de los j\u00f3venes normalistas, en ese sentido, los padres de los desaparecidos demandaron una reuni\u00f3n con el presidente Andr\u00e9s Manuel L\u00f3pez Obrador, para as\u00ed continuar con el di\u00e1logo y resolver la desaparici\u00f3n y muerte de los estudiantes.&nbsp;&nbsp;<\/p>\n","protected":false},"excerpt":{"rendered":"<p>Han pasado ya siete a\u00f1os y seis meses de la desaparici\u00f3n de los estudiantes de la escuela Normal Rural de Ayotzinapa y los padres de familia reclaman el poco inter\u00e9s &hellip; <a href=\"https:\/\/a3noticias.com.mx\/sandbox\/2022\/03\/29\/nos-vieron-la-cara-dicen-padres-de-normalistas-de-ayotzinapa\/\" class=\"more-link\">Leer m\u00e1s<\/a><\/p>\n","protected":false},"author":2,"featured_media":19814,"comment_status":"open","ping_status":"open","sticky":false,"template":"","format":"standard","meta":{"_monsterinsights_skip_tracking":false,"_monsterinsights_sitenote_active":false,"_monsterinsights_sitenote_note":"","_monsterinsights_sitenote_category":0,"footnotes":""},"categories":[3],"tags":[],"class_list":["post-19813","post","type-post","status-publish","format-standard","has-post-thumbnail","hentry","category-nal","entry"],"aioseo_notices":[],"_links":{"self":[{"href":"https:\/\/a3noticias.com.mx\/sandbox\/wp-json\/wp\/v2\/posts\/19813","targetHints":{"allow":["GET"]}}],"collection":[{"href":"https:\/\/a3noticias.com.mx\/sandbox\/wp-json\/wp\/v2\/posts"}],"about":[{"href":"https:\/\/a3noticias.com.mx\/sandbox\/wp-json\/wp\/v2\/types\/post"}],"author":[{"embeddable":true,"href":"https:\/\/a3noticias.com.mx\/sandbox\/wp-json\/wp\/v2\/users\/2"}],"replies":[{"embeddable":true,"href":"https:\/\/a3noticias.com.mx\/sandbox\/wp-json\/wp\/v2\/comments?post=19813"}],"version-history":[{"count":1,"href":"https:\/\/a3noticias.com.mx\/sandbox\/wp-json\/wp\/v2\/posts\/19813\/revisions"}],"predecessor-version":[{"id":19815,"href":"https:\/\/a3noticias.com.mx\/sandbox\/wp-json\/wp\/v2\/posts\/19813\/revisions\/19815"}],"wp:featuredmedia":[{"embeddable":true,"href":"https:\/\/a3noticias.com.mx\/sandbox\/wp-json\/wp\/v2\/media\/19814"}],"wp:attachment":[{"href":"https:\/\/a3noticias.com.mx\/sandbox\/wp-json\/wp\/v2\/media?parent=19813"}],"wp:term":[{"taxonomy":"category","embeddable":true,"href":"https:\/\/a3noticias.com.mx\/sandbox\/wp-json\/wp\/v2\/categories?post=19813"},{"taxonomy":"post_tag","embeddable":true,"href":"https:\/\/a3noticias.com.mx\/sandbox\/wp-json\/wp\/v2\/tags?post=19813"}],"curies":[{"name":"wp","href":"https:\/\/api.w.org\/{rel}","templated":true}]}}