{"id":19816,"date":"2022-03-29T15:52:36","date_gmt":"2022-03-29T21:52:36","guid":{"rendered":"https:\/\/a3noticias.com.mx\/sandbox\/?p=19816"},"modified":"2022-03-29T17:29:10","modified_gmt":"2022-03-29T23:29:10","slug":"anuncian-primer-festival-de-la-champions-league-que-se-realizara-fuera-de-europa-la-sede-sera-queretaro","status":"publish","type":"post","link":"https:\/\/a3noticias.com.mx\/sandbox\/2022\/03\/29\/anuncian-primer-festival-de-la-champions-league-que-se-realizara-fuera-de-europa-la-sede-sera-queretaro\/","title":{"rendered":"Anuncian primer festival de la Champions League que se realizar\u00e1 fuera de Europa, la sede ser\u00e1 Quer\u00e9taro."},"content":{"rendered":"\n<p>Se present\u00f3 en Quer\u00e9taro el primer Champions League Fan Festival que se realizar\u00e1 fuera de Europa, en el cual prometen muchas sorpresas para los aficionados al f\u00fatbol de nuestra entidad; la sede ser\u00e1 el Nuevo Estadio Ol\u00edmpico de Quer\u00e9taro.<\/p>\n\n\n\n<p>As\u00ed se dio a conocer a trav\u00e9s de una conferencia de prensa por los organizadores del evento, Par\u00eds Rodrigo y Mauricio Torres, acompa\u00f1ados de Mariela Mor\u00e1n de la Secretar\u00eda de turismo y Rainer Strauss de la empresa Pepsi.<\/p>\n\n\n\n<p>El Fan Festival de la Champions League, se realizar\u00e1 el 28 de mayo a partir de las 10:00 horas, se espera una gran respuesta por parte de los aficionados al f\u00fatbol.<\/p>\n\n\n\n<p>Los organizadores adelantaron que entre las actividades est\u00e1n el disfrutar de m\u00fasica en vivo con tres DJ\u00b4s mexicanos invitados, firma de aut\u00f3grafos de jugadores profesionales, adem\u00e1s de experiencias \u00fanicas para los amantes del f\u00fatbol y la venta de alimentos y bebidas; adem\u00e1s de que el momento estelar ser\u00e1 la transmisi\u00f3n de la Gran Final de la Champions League, que ser\u00e1 a las 14:00 horas en este escenario deportivo<\/p>\n\n\n\n<blockquote class=\"wp-block-quote is-layout-flow wp-block-quote-is-layout-flow\"><p>\u00abEl festival va a ser el 28 de mayo, el partido lo podr\u00e1n ver en una pantalla gigante de 223 metros cuadrados. Seguiremos los protocolos que nos marca el gobierno, seguiremos cada uno de Covid y de seguridad\u00bb.<\/p><\/blockquote>\n\n\n\n<p>Mauricio Torres di\u00f3 a conocer el nombre del primer futbolista profesional que estar\u00e1 en este evento deportivo, el cual sin duda ser\u00e1 del agrado de los aficionados, pues se trata de Rafael M\u00e1rquez.<\/p>\n\n\n\n<blockquote class=\"wp-block-quote is-layout-flow wp-block-quote-is-layout-flow\"><p>\u00abVamos a traer jugadores profesionales campeones de la Champions League, tengo el honor de anunciar a uno solo, ese jugador es el mexicano m\u00e1s exitoso de la champions, dos veces ganador de la copa como lo es Rafael M\u00e1rquez, adem\u00e1s de las celebridades de UEFA, vamos a tener 15 actividades, todas relacionadas al f\u00fatbol\u00bb.<\/p><\/blockquote>\n\n\n\n<p>Los boletos ya se encuentran a la venta a trav\u00e9s de la p\u00e1gina de One Tik, los precios dependen de la zona, en el caso de la VIP o VIP Web el costo es de 3 mil 500 pesos, reiterando que en esta zona se tendr\u00e1n beneficios como un lugar privilegiado en el evento, cerveza y comida ilimitada, adem\u00e1s de estar cerca de los jugadores profesionales, la General Adulto Web que tiene un precio de 550 y la General Menor 11 a\u00f1os Web que tiene un costo de 150 pesos.<\/p>\n\n\n\n<p>Mauricio Torres y Par\u00eds Rodrigo, dieron a conocer que el evento se tiene por tres a\u00f1os para realizarlo en M\u00e9xico, se espera que durante este tiempo la sede sea Quer\u00e9taro.<\/p>\n","protected":false},"excerpt":{"rendered":"<p>Se present\u00f3 en Quer\u00e9taro el primer Champions League Fan Festival que se realizar\u00e1 fuera de Europa, en el cual prometen muchas sorpresas para los aficionados al f\u00fatbol de nuestra entidad; &hellip; <a href=\"https:\/\/a3noticias.com.mx\/sandbox\/2022\/03\/29\/anuncian-primer-festival-de-la-champions-league-que-se-realizara-fuera-de-europa-la-sede-sera-queretaro\/\" class=\"more-link\">Leer m\u00e1s<\/a><\/p>\n","protected":false},"author":2,"featured_media":19818,"comment_status":"open","ping_status":"open","sticky":false,"template":"","format":"standard","meta":{"_monsterinsights_skip_tracking":false,"_monsterinsights_sitenote_active":false,"_monsterinsights_sitenote_note":"","_monsterinsights_sitenote_category":0,"footnotes":""},"categories":[5,2],"tags":[],"class_list":["post-19816","post","type-post","status-publish","format-standard","has-post-thumbnail","hentry","category-sports","category-qro","entry"],"aioseo_notices":[],"_links":{"self":[{"href":"https:\/\/a3noticias.com.mx\/sandbox\/wp-json\/wp\/v2\/posts\/19816","targetHints":{"allow":["GET"]}}],"collection":[{"href":"https:\/\/a3noticias.com.mx\/sandbox\/wp-json\/wp\/v2\/posts"}],"about":[{"href":"https:\/\/a3noticias.com.mx\/sandbox\/wp-json\/wp\/v2\/types\/post"}],"author":[{"embeddable":true,"href":"https:\/\/a3noticias.com.mx\/sandbox\/wp-json\/wp\/v2\/users\/2"}],"replies":[{"embeddable":true,"href":"https:\/\/a3noticias.com.mx\/sandbox\/wp-json\/wp\/v2\/comments?post=19816"}],"version-history":[{"count":1,"href":"https:\/\/a3noticias.com.mx\/sandbox\/wp-json\/wp\/v2\/posts\/19816\/revisions"}],"predecessor-version":[{"id":19819,"href":"https:\/\/a3noticias.com.mx\/sandbox\/wp-json\/wp\/v2\/posts\/19816\/revisions\/19819"}],"wp:featuredmedia":[{"embeddable":true,"href":"https:\/\/a3noticias.com.mx\/sandbox\/wp-json\/wp\/v2\/media\/19818"}],"wp:attachment":[{"href":"https:\/\/a3noticias.com.mx\/sandbox\/wp-json\/wp\/v2\/media?parent=19816"}],"wp:term":[{"taxonomy":"category","embeddable":true,"href":"https:\/\/a3noticias.com.mx\/sandbox\/wp-json\/wp\/v2\/categories?post=19816"},{"taxonomy":"post_tag","embeddable":true,"href":"https:\/\/a3noticias.com.mx\/sandbox\/wp-json\/wp\/v2\/tags?post=19816"}],"curies":[{"name":"wp","href":"https:\/\/api.w.org\/{rel}","templated":true}]}}