{"id":19830,"date":"2022-03-30T10:12:17","date_gmt":"2022-03-30T16:12:17","guid":{"rendered":"https:\/\/a3noticias.com.mx\/sandbox\/?p=19830"},"modified":"2022-03-30T10:12:18","modified_gmt":"2022-03-30T16:12:18","slug":"kevin-miguel-desaparecio-voluntariamente-afirma-fiscalia-del-estado","status":"publish","type":"post","link":"https:\/\/a3noticias.com.mx\/sandbox\/2022\/03\/30\/kevin-miguel-desaparecio-voluntariamente-afirma-fiscalia-del-estado\/","title":{"rendered":"Kevin Miguel desapareci\u00f3 voluntariamente, afirma Fiscal\u00eda del Estado."},"content":{"rendered":"\n<p>De acuerdo con un comunicado emitido por la Fiscal\u00eda General del Estado de Quer\u00e9taro, la desaparici\u00f3n del menor Kevin Miguel P\u00e9rez Hern\u00e1ndez fue de manera voluntaria y, por ello, no se levant\u00f3 la Alerta Amber.&nbsp;<\/p>\n\n\n\n<blockquote class=\"wp-block-quote is-layout-flow wp-block-quote-is-layout-flow\"><p>\u00abReconocemos y entendemos la desesperaci\u00f3n y preocupaci\u00f3n de la madre y de la comunidad, pero de acuerdo con las declaraciones iniciales que integran la carpeta de investigaci\u00f3n, se reconoci\u00f3 la ausencia voluntaria por problemas familiares que por confidencialidad no se pueden compartir\u00bb.<\/p><\/blockquote>\n\n\n\n<p>El \u00f3rgano aut\u00f3nomo inform\u00f3 que se mantienen los protocolos de b\u00fasqueda, de manera independiente a la activaci\u00f3n de la Alerta AMBER, la cual s\u00f3lo se pone en marcha cuando un menor se encuentra desaparecido; es decir, que la persona se podr\u00eda encontrar retenida contra su voluntad<\/p>\n\n\n\n<p>A lo anterior, la Fiscal\u00eda apunt\u00f3 que cuentan con datos que les permiten confirmar que \u00e9l menor ha tenido comunicaci\u00f3n con su c\u00edrculo cercano de amistades, adem\u00e1s de la llamada que su madre, Altagracia Hern\u00e1ndez Yescas, declar\u00f3 haber tenido con \u00e9l.&nbsp;<\/p>\n\n\n\n<p>Las respuestas de la Fiscal\u00eda se derivaron luego de que la madre se\u00f1alara que la dependencia ha cometido \u00abomisiones\u00bb.<\/p>\n","protected":false},"excerpt":{"rendered":"<p>De acuerdo con un comunicado emitido por la Fiscal\u00eda General del Estado de Quer\u00e9taro, la desaparici\u00f3n del menor Kevin Miguel P\u00e9rez Hern\u00e1ndez fue de manera voluntaria y, por ello, no &hellip; <a href=\"https:\/\/a3noticias.com.mx\/sandbox\/2022\/03\/30\/kevin-miguel-desaparecio-voluntariamente-afirma-fiscalia-del-estado\/\" class=\"more-link\">Leer m\u00e1s<\/a><\/p>\n","protected":false},"author":2,"featured_media":19831,"comment_status":"open","ping_status":"open","sticky":false,"template":"","format":"standard","meta":{"_monsterinsights_skip_tracking":false,"_monsterinsights_sitenote_active":false,"_monsterinsights_sitenote_note":"","_monsterinsights_sitenote_category":0,"footnotes":""},"categories":[2],"tags":[],"class_list":["post-19830","post","type-post","status-publish","format-standard","has-post-thumbnail","hentry","category-qro","entry"],"aioseo_notices":[],"_links":{"self":[{"href":"https:\/\/a3noticias.com.mx\/sandbox\/wp-json\/wp\/v2\/posts\/19830","targetHints":{"allow":["GET"]}}],"collection":[{"href":"https:\/\/a3noticias.com.mx\/sandbox\/wp-json\/wp\/v2\/posts"}],"about":[{"href":"https:\/\/a3noticias.com.mx\/sandbox\/wp-json\/wp\/v2\/types\/post"}],"author":[{"embeddable":true,"href":"https:\/\/a3noticias.com.mx\/sandbox\/wp-json\/wp\/v2\/users\/2"}],"replies":[{"embeddable":true,"href":"https:\/\/a3noticias.com.mx\/sandbox\/wp-json\/wp\/v2\/comments?post=19830"}],"version-history":[{"count":1,"href":"https:\/\/a3noticias.com.mx\/sandbox\/wp-json\/wp\/v2\/posts\/19830\/revisions"}],"predecessor-version":[{"id":19832,"href":"https:\/\/a3noticias.com.mx\/sandbox\/wp-json\/wp\/v2\/posts\/19830\/revisions\/19832"}],"wp:featuredmedia":[{"embeddable":true,"href":"https:\/\/a3noticias.com.mx\/sandbox\/wp-json\/wp\/v2\/media\/19831"}],"wp:attachment":[{"href":"https:\/\/a3noticias.com.mx\/sandbox\/wp-json\/wp\/v2\/media?parent=19830"}],"wp:term":[{"taxonomy":"category","embeddable":true,"href":"https:\/\/a3noticias.com.mx\/sandbox\/wp-json\/wp\/v2\/categories?post=19830"},{"taxonomy":"post_tag","embeddable":true,"href":"https:\/\/a3noticias.com.mx\/sandbox\/wp-json\/wp\/v2\/tags?post=19830"}],"curies":[{"name":"wp","href":"https:\/\/api.w.org\/{rel}","templated":true}]}}