{"id":19837,"date":"2022-03-30T11:53:17","date_gmt":"2022-03-30T17:53:17","guid":{"rendered":"https:\/\/a3noticias.com.mx\/sandbox\/?p=19837"},"modified":"2022-03-30T11:53:18","modified_gmt":"2022-03-30T17:53:18","slug":"va-por-mexico-impugna-ante-scjn-decreto-que-permite-propaganda-gubernamental-en-veda","status":"publish","type":"post","link":"https:\/\/a3noticias.com.mx\/sandbox\/2022\/03\/30\/va-por-mexico-impugna-ante-scjn-decreto-que-permite-propaganda-gubernamental-en-veda\/","title":{"rendered":"Va por M\u00e9xico impugna ante SCJN decreto que \u2018permite\u2019 propaganda gubernamental en veda."},"content":{"rendered":"\n<p>Legisladores de la coalici\u00f3n Va por M\u00e9xico, conformada por Partido Acci\u00f3n Nacional (PAN), Partido Revolucionario Institucional (PRI), Partido de la Revoluci\u00f3n Democr\u00e1tica (PRD), presentaron, como grupo de oposici\u00f3n una acci\u00f3n de inconstitucionalidad ante la Suprema Corte de Justicia de la Naci\u00f3n, contra el decreto de propaganda gubernamental que aprobaron los legisladores de Morena.<\/p>\n\n\n\n<p>Mencionaron que no es viable que Morena, en atenci\u00f3n a sus propios intereses, busque modificar la Constituci\u00f3n y la interpretaci\u00f3n de los ministros.<\/p>\n\n\n\n<p>Los diputados alegaron que el decreto interpretativo de propaganda gubernamental es inconstitucional, pues busca imponerse a las interpretaciones dadas por el Tribunal Electoral del Poder Judicial de la Federaci\u00f3n e incluso al criterio emitido el d\u00eda de ayer por la Sala Superior en relaci\u00f3n a que no es aplicable el decreto al actual proceso de revocaci\u00f3n, pues Morena busca regular algo que no est\u00e1 previsto en la Constituci\u00f3n.<\/p>\n\n\n\n<p>Este decreto establecer que las \u201cexpresiones\u201d de los servidores p\u00fablicos no ser\u00e1n consideradas propaganda gubernamental y con ello no sean prohibidas durante la veda electoral de cualquier campa\u00f1a o ejercicio de participaci\u00f3n ciudadana.<\/p>\n","protected":false},"excerpt":{"rendered":"<p>Legisladores de la coalici\u00f3n Va por M\u00e9xico, conformada por Partido Acci\u00f3n Nacional (PAN), Partido Revolucionario Institucional (PRI), Partido de la Revoluci\u00f3n Democr\u00e1tica (PRD), presentaron, como grupo de oposici\u00f3n una acci\u00f3n &hellip; <a href=\"https:\/\/a3noticias.com.mx\/sandbox\/2022\/03\/30\/va-por-mexico-impugna-ante-scjn-decreto-que-permite-propaganda-gubernamental-en-veda\/\" class=\"more-link\">Leer m\u00e1s<\/a><\/p>\n","protected":false},"author":2,"featured_media":19838,"comment_status":"open","ping_status":"open","sticky":false,"template":"","format":"standard","meta":{"_monsterinsights_skip_tracking":false,"_monsterinsights_sitenote_active":false,"_monsterinsights_sitenote_note":"","_monsterinsights_sitenote_category":0,"footnotes":""},"categories":[3],"tags":[],"class_list":["post-19837","post","type-post","status-publish","format-standard","has-post-thumbnail","hentry","category-nal","entry"],"aioseo_notices":[],"_links":{"self":[{"href":"https:\/\/a3noticias.com.mx\/sandbox\/wp-json\/wp\/v2\/posts\/19837","targetHints":{"allow":["GET"]}}],"collection":[{"href":"https:\/\/a3noticias.com.mx\/sandbox\/wp-json\/wp\/v2\/posts"}],"about":[{"href":"https:\/\/a3noticias.com.mx\/sandbox\/wp-json\/wp\/v2\/types\/post"}],"author":[{"embeddable":true,"href":"https:\/\/a3noticias.com.mx\/sandbox\/wp-json\/wp\/v2\/users\/2"}],"replies":[{"embeddable":true,"href":"https:\/\/a3noticias.com.mx\/sandbox\/wp-json\/wp\/v2\/comments?post=19837"}],"version-history":[{"count":1,"href":"https:\/\/a3noticias.com.mx\/sandbox\/wp-json\/wp\/v2\/posts\/19837\/revisions"}],"predecessor-version":[{"id":19839,"href":"https:\/\/a3noticias.com.mx\/sandbox\/wp-json\/wp\/v2\/posts\/19837\/revisions\/19839"}],"wp:featuredmedia":[{"embeddable":true,"href":"https:\/\/a3noticias.com.mx\/sandbox\/wp-json\/wp\/v2\/media\/19838"}],"wp:attachment":[{"href":"https:\/\/a3noticias.com.mx\/sandbox\/wp-json\/wp\/v2\/media?parent=19837"}],"wp:term":[{"taxonomy":"category","embeddable":true,"href":"https:\/\/a3noticias.com.mx\/sandbox\/wp-json\/wp\/v2\/categories?post=19837"},{"taxonomy":"post_tag","embeddable":true,"href":"https:\/\/a3noticias.com.mx\/sandbox\/wp-json\/wp\/v2\/tags?post=19837"}],"curies":[{"name":"wp","href":"https:\/\/api.w.org\/{rel}","templated":true}]}}