{"id":19855,"date":"2022-03-31T09:51:37","date_gmt":"2022-03-31T15:51:37","guid":{"rendered":"https:\/\/a3noticias.com.mx\/sandbox\/?p=19855"},"modified":"2022-03-31T09:51:37","modified_gmt":"2022-03-31T15:51:37","slug":"queretaro-registra-7-de-ocupacion-hospitalaria-por-covid-19","status":"publish","type":"post","link":"https:\/\/a3noticias.com.mx\/sandbox\/2022\/03\/31\/queretaro-registra-7-de-ocupacion-hospitalaria-por-covid-19\/","title":{"rendered":"Quer\u00e9taro registra 7% de ocupaci\u00f3n hospitalaria por Covid-19"},"content":{"rendered":"\n<p>La Secretar\u00eda de Salud de Quer\u00e9taro report\u00f3 este mi\u00e9rcoles cero defunciones por COVID-19, aunque se sumaron 14 casos de la enfermedad; se trata de nueve mujeres y cinco hombres. El registro acumulado es de 137 mil 496 casos; 52% son mujeres y 48% son hombres.<\/p>\n\n\n\n<p>Se dio de alta sanitaria a tres pacientes, con lo que se tiene un registro de 130 mil 750 altas (95.09%).&nbsp;<\/p>\n\n\n\n<p>Con sintomatolog\u00eda leve, aislamiento y manejo en su domicilio hay 106 pacientes y 15 hospitalizados, tres de los cuales se encuentran graves. Se han registrado seis mil 625 defunciones.<\/p>\n\n\n\n<p>Con relaci\u00f3n a la disponibilidad de camas de hospitalizaci\u00f3n general y con ventilador, con informaci\u00f3n del 29 de marzo, <strong>se tiene una ocupaci\u00f3n de siete por ciento<\/strong>, con base en la Red Negativa de Infecciones Respiratorias Agudas (IRAG).<\/p>\n\n\n\n<p>En Quer\u00e9taro se registra cinco por ciento de ocupaci\u00f3n de camas con ventilador y ocho por ciento en camas sin ventilador.<\/p>\n\n\n\n<p>Se exhorta a la poblaci\u00f3n a no automedicarse y, para prevenir la transmisi\u00f3n, lavarse las manos de manera frecuente con agua y jab\u00f3n o utilizar soluciones alcoholadas a 70%, usar cubreboca al salir de casa y mantener sana distancia entre personas&nbsp;(de 1.5 a dos metros).<\/p>\n\n\n\n<p>Asimismo, a quedarse en casa cuando se tienen enfermedades respiratorias y comunicarse al&nbsp;<em>call center<\/em>&nbsp;estatal 4421015205, para recibir orientaci\u00f3n m\u00e9dica&nbsp;si se presenta alguno de los s\u00edntomas o signos como: dificultad para respirar (dato de gravedad), fiebre (mayor a 38 grados), dolor de cabeza, tos, dolor de garganta, escurrimiento nasal, dolor de pecho, alteraci\u00f3n del olfato o del sentido del gusto.<\/p>\n","protected":false},"excerpt":{"rendered":"<p>La Secretar\u00eda de Salud de Quer\u00e9taro report\u00f3 este mi\u00e9rcoles cero defunciones por COVID-19, aunque se sumaron 14 casos de la enfermedad; se trata de nueve mujeres y cinco hombres. El &hellip; <a href=\"https:\/\/a3noticias.com.mx\/sandbox\/2022\/03\/31\/queretaro-registra-7-de-ocupacion-hospitalaria-por-covid-19\/\" class=\"more-link\">Leer m\u00e1s<\/a><\/p>\n","protected":false},"author":4,"featured_media":19858,"comment_status":"open","ping_status":"open","sticky":false,"template":"","format":"standard","meta":{"_monsterinsights_skip_tracking":false,"_monsterinsights_sitenote_active":false,"_monsterinsights_sitenote_note":"","_monsterinsights_sitenote_category":0,"footnotes":""},"categories":[2],"tags":[],"class_list":["post-19855","post","type-post","status-publish","format-standard","has-post-thumbnail","hentry","category-qro","entry"],"aioseo_notices":[],"_links":{"self":[{"href":"https:\/\/a3noticias.com.mx\/sandbox\/wp-json\/wp\/v2\/posts\/19855","targetHints":{"allow":["GET"]}}],"collection":[{"href":"https:\/\/a3noticias.com.mx\/sandbox\/wp-json\/wp\/v2\/posts"}],"about":[{"href":"https:\/\/a3noticias.com.mx\/sandbox\/wp-json\/wp\/v2\/types\/post"}],"author":[{"embeddable":true,"href":"https:\/\/a3noticias.com.mx\/sandbox\/wp-json\/wp\/v2\/users\/4"}],"replies":[{"embeddable":true,"href":"https:\/\/a3noticias.com.mx\/sandbox\/wp-json\/wp\/v2\/comments?post=19855"}],"version-history":[{"count":1,"href":"https:\/\/a3noticias.com.mx\/sandbox\/wp-json\/wp\/v2\/posts\/19855\/revisions"}],"predecessor-version":[{"id":19859,"href":"https:\/\/a3noticias.com.mx\/sandbox\/wp-json\/wp\/v2\/posts\/19855\/revisions\/19859"}],"wp:featuredmedia":[{"embeddable":true,"href":"https:\/\/a3noticias.com.mx\/sandbox\/wp-json\/wp\/v2\/media\/19858"}],"wp:attachment":[{"href":"https:\/\/a3noticias.com.mx\/sandbox\/wp-json\/wp\/v2\/media?parent=19855"}],"wp:term":[{"taxonomy":"category","embeddable":true,"href":"https:\/\/a3noticias.com.mx\/sandbox\/wp-json\/wp\/v2\/categories?post=19855"},{"taxonomy":"post_tag","embeddable":true,"href":"https:\/\/a3noticias.com.mx\/sandbox\/wp-json\/wp\/v2\/tags?post=19855"}],"curies":[{"name":"wp","href":"https:\/\/api.w.org\/{rel}","templated":true}]}}