{"id":19864,"date":"2022-03-31T10:12:02","date_gmt":"2022-03-31T16:12:02","guid":{"rendered":"https:\/\/a3noticias.com.mx\/sandbox\/?p=19864"},"modified":"2022-03-31T10:12:03","modified_gmt":"2022-03-31T16:12:03","slug":"alfredo-kevin-miguel-perez-hernandez-menor-desaparecido-publica-un-video-a-traves-de-facebook","status":"publish","type":"post","link":"https:\/\/a3noticias.com.mx\/sandbox\/2022\/03\/31\/alfredo-kevin-miguel-perez-hernandez-menor-desaparecido-publica-un-video-a-traves-de-facebook\/","title":{"rendered":"Alfredo Kevin Miguel P\u00e9rez Hern\u00e1ndez, menor desaparecido, publica un v\u00eddeo a trav\u00e9s de Facebook."},"content":{"rendered":"\n<p>Alfredo Kevin Miguel P\u00e9rez Hern\u00e1ndez, el menor de edad reportado como desaparecido desde el pasado 19 de marzo, public\u00f3 a trav\u00e9s de Facebook un v\u00eddeo en el que afirma que se fue por voluntad propia y asegura que es v\u00edctima de violencia intrafamiliar.&nbsp;<\/p>\n\n\n\n<p>De acuerdo con lo narrado por Alfredo, \u00e9l sali\u00f3 de su hogar de manera voluntaria pues supuestamente sufr\u00eda violencia psicol\u00f3gica y f\u00edsica por parte de su madre y padrastro, por lo que decidi\u00f3 irse sin avisar.&nbsp;<\/p>\n\n\n\n<blockquote class=\"wp-block-quote is-layout-flow wp-block-quote-is-layout-flow\"><p>\u201cLes voy a contar por qu\u00e9 me sal\u00ed, mi mam\u00e1 me maltrataba f\u00edsicamente, tambi\u00e9n emocional y f\u00edsicamente. Todos los d\u00edas en esa casa hay gritos. Mi mam\u00e1 me dej\u00f3 a llegar dormir afuera de mi casa, all\u00ed sin nada, con mis perritos, y pues esa noche yo la pas\u00e9 con fr\u00edo y al otro d\u00eda tambi\u00e9n me dej\u00f3 afuera de mi casa\u00bb.<\/p><\/blockquote>\n\n\n\n<p>El menor se\u00f1al\u00f3 que a veces le \u00abllegaba a pegar hasta que se cansara literalmente, y me dio de comer en la bandeja de mis perros\u201d.<\/p>\n\n\n\n<p>Alfredo, en el v\u00eddeo que dice haber grabado por voluntad propia, asegura que no es v\u00edctima de secuestro, que se encuentra bien y sin la actuaci\u00f3n de terceras personas.<\/p>\n\n\n\n<p>En la cuenta de Facebook, reci\u00e9n creada, supuestamente por Alfredo, la mam\u00e1, Altagracia Hern\u00e1ndez Yesca, respondi\u00f3 en una de las publicaciones haciendo alusi\u00f3n a que su hijo no es quien est\u00e1 detr\u00e1s de esa cuenta y apunt\u00f3 que si se encuentra con alguien mayor de edad, \u00e9ste est\u00e1 incurriendo en un delito, adem\u00e1s de reafirmarle el amor que le tiene, a lo que el supuesto joven respondi\u00f3 ret\u00b4\u00e1ndola a que lo encuentre.\u00a0<\/p>\n\n\n\n<figure class=\"wp-block-image size-full\"><img loading=\"lazy\" decoding=\"async\" width=\"471\" height=\"569\" src=\"https:\/\/a3noticias.com.mx\/sandbox\/wp-content\/uploads\/2022\/03\/Captura-de-Pantalla-2022-03-31-a-las-9.57.00-copia.jpg\" alt=\"\" class=\"wp-image-19867\" srcset=\"https:\/\/a3noticias.com.mx\/sandbox\/wp-content\/uploads\/2022\/03\/Captura-de-Pantalla-2022-03-31-a-las-9.57.00-copia.jpg 471w, https:\/\/a3noticias.com.mx\/sandbox\/wp-content\/uploads\/2022\/03\/Captura-de-Pantalla-2022-03-31-a-las-9.57.00-copia-248x300.jpg 248w, https:\/\/a3noticias.com.mx\/sandbox\/wp-content\/uploads\/2022\/03\/Captura-de-Pantalla-2022-03-31-a-las-9.57.00-copia-74x90.jpg 74w\" sizes=\"auto, (max-width: 471px) 100vw, 471px\" \/><\/figure>\n\n\n\n<figure class=\"wp-block-image size-full\"><img loading=\"lazy\" decoding=\"async\" width=\"459\" height=\"592\" src=\"https:\/\/a3noticias.com.mx\/sandbox\/wp-content\/uploads\/2022\/03\/Captura-de-Pantalla-2022-03-31-a-las-9.57.33.jpg\" alt=\"\" class=\"wp-image-19868\" srcset=\"https:\/\/a3noticias.com.mx\/sandbox\/wp-content\/uploads\/2022\/03\/Captura-de-Pantalla-2022-03-31-a-las-9.57.33.jpg 459w, https:\/\/a3noticias.com.mx\/sandbox\/wp-content\/uploads\/2022\/03\/Captura-de-Pantalla-2022-03-31-a-las-9.57.33-233x300.jpg 233w, https:\/\/a3noticias.com.mx\/sandbox\/wp-content\/uploads\/2022\/03\/Captura-de-Pantalla-2022-03-31-a-las-9.57.33-70x90.jpg 70w\" sizes=\"auto, (max-width: 459px) 100vw, 459px\" \/><\/figure>\n\n\n\n<p>A trav\u00e9s de su v\u00eddeo, el menor se\u00f1ala que no revelar\u00e1 su ubicaci\u00f3n por su seguridad, adem\u00e1s agreg\u00f3 que si su mam\u00e1 lo encuentra, teme por su vida \u00abas\u00ed de grave est\u00e1 el asunto\u00bb, dice. <\/p>\n","protected":false},"excerpt":{"rendered":"<p>Alfredo Kevin Miguel P\u00e9rez Hern\u00e1ndez, el menor de edad reportado como desaparecido desde el pasado 19 de marzo, public\u00f3 a trav\u00e9s de Facebook un v\u00eddeo en el que afirma que &hellip; <a href=\"https:\/\/a3noticias.com.mx\/sandbox\/2022\/03\/31\/alfredo-kevin-miguel-perez-hernandez-menor-desaparecido-publica-un-video-a-traves-de-facebook\/\" class=\"more-link\">Leer m\u00e1s<\/a><\/p>\n","protected":false},"author":2,"featured_media":19869,"comment_status":"open","ping_status":"open","sticky":false,"template":"","format":"standard","meta":{"_monsterinsights_skip_tracking":false,"_monsterinsights_sitenote_active":false,"_monsterinsights_sitenote_note":"","_monsterinsights_sitenote_category":0,"footnotes":""},"categories":[2,11],"tags":[],"class_list":["post-19864","post","type-post","status-publish","format-standard","has-post-thumbnail","hentry","category-qro","category-seg","entry"],"aioseo_notices":[],"_links":{"self":[{"href":"https:\/\/a3noticias.com.mx\/sandbox\/wp-json\/wp\/v2\/posts\/19864","targetHints":{"allow":["GET"]}}],"collection":[{"href":"https:\/\/a3noticias.com.mx\/sandbox\/wp-json\/wp\/v2\/posts"}],"about":[{"href":"https:\/\/a3noticias.com.mx\/sandbox\/wp-json\/wp\/v2\/types\/post"}],"author":[{"embeddable":true,"href":"https:\/\/a3noticias.com.mx\/sandbox\/wp-json\/wp\/v2\/users\/2"}],"replies":[{"embeddable":true,"href":"https:\/\/a3noticias.com.mx\/sandbox\/wp-json\/wp\/v2\/comments?post=19864"}],"version-history":[{"count":1,"href":"https:\/\/a3noticias.com.mx\/sandbox\/wp-json\/wp\/v2\/posts\/19864\/revisions"}],"predecessor-version":[{"id":19870,"href":"https:\/\/a3noticias.com.mx\/sandbox\/wp-json\/wp\/v2\/posts\/19864\/revisions\/19870"}],"wp:featuredmedia":[{"embeddable":true,"href":"https:\/\/a3noticias.com.mx\/sandbox\/wp-json\/wp\/v2\/media\/19869"}],"wp:attachment":[{"href":"https:\/\/a3noticias.com.mx\/sandbox\/wp-json\/wp\/v2\/media?parent=19864"}],"wp:term":[{"taxonomy":"category","embeddable":true,"href":"https:\/\/a3noticias.com.mx\/sandbox\/wp-json\/wp\/v2\/categories?post=19864"},{"taxonomy":"post_tag","embeddable":true,"href":"https:\/\/a3noticias.com.mx\/sandbox\/wp-json\/wp\/v2\/tags?post=19864"}],"curies":[{"name":"wp","href":"https:\/\/api.w.org\/{rel}","templated":true}]}}