{"id":19871,"date":"2022-03-31T10:55:01","date_gmt":"2022-03-31T16:55:01","guid":{"rendered":"https:\/\/a3noticias.com.mx\/sandbox\/?p=19871"},"modified":"2022-03-31T10:55:01","modified_gmt":"2022-03-31T16:55:01","slug":"ante-disminucion-en-casos-activos-de-covid-en-queretaro-se-ha-reducido-la-afluencia-en-vacunacion","status":"publish","type":"post","link":"https:\/\/a3noticias.com.mx\/sandbox\/2022\/03\/31\/ante-disminucion-en-casos-activos-de-covid-en-queretaro-se-ha-reducido-la-afluencia-en-vacunacion\/","title":{"rendered":"Ante disminuci\u00f3n en casos activos de Covid en Quer\u00e9taro, se ha reducido la afluencia en vacunaci\u00f3n"},"content":{"rendered":"\n<p>Derivado de la baja en los casos activos de Covid-19 en la entidad y la disminuci\u00f3n en la letalidad de la enfermedad, la ciudadan\u00eda queretana tiene una \u201cfalsa sensaci\u00f3n de seguridad\u201d, lo que ha provocado una reducci\u00f3n en la afluencia para recibir la dosis de refuerzo, indic\u00f3 la delegada de la Secretar\u00eda del Bienestar estatal, Roc\u00edo Peniche Vera.<\/p>\n\n\n\n<p>De acuerdo con la delegada, es en el grupo de 30 a 39 a\u00f1os donde se ha mostrado el mayor \u00edndice de rezago para recibir la tercera dosis contra el Covid, pues ante el escenario actual de la pandemia y la reactivaci\u00f3n de todos los sectores se est\u00e1n relajando las medidas sanitarias. Asimismo, refiri\u00f3 que por esta misma raz\u00f3n, tambi\u00e9n se preven rezagos para el grupo de 18 a 29 a\u00f1os.<\/p>\n\n\n\n<blockquote class=\"wp-block-quote is-layout-flow wp-block-quote-is-layout-flow\"><p>\u201cEn 30 a\u00f1os se ha detenido un poquito (la afluencia), ha coincidido con el tema de que estamos en un periodo de baja, de color verde, los hospitales ya no tienen personas internadas por COVID, estamos relajando un poquito la actitud ante la COVID y creo que no vale la pena\u201d detall\u00f3.<\/p><\/blockquote>\n\n\n\n<p>Reiter\u00f3 que las hospitalizaciones y la mortandad han disminuido gracias a la vacunaci\u00f3n que ha generado que el virus no se agrave, y que tambi\u00e9n opera como una barrera para romper las cadenas de contagio, por lo que si la gente no acude a recibir su dosis de refuerzo, se corre el riesgo de una nueva ola de contagios.<\/p>\n\n\n\n<p>De acuerdo con estad\u00edsticas de la Secretar\u00eda de Salud Estatal, los j\u00f3venes de 20 a 29 a\u00f1os representan el 25.2 por ciento del total de casos acumulados en todo lo que va de la pandemia en la entidad; mientras que los de 30 a 39, corresponden al 24.4 por ciento, lo que quiere decir, que en total, en ese grupo de edad se concentra casi la mitad de los contagios a nivel hist\u00f3rico en el estado, con m\u00e1s de 68 mil 100 casos.<\/p>\n\n\n\n<p>Con informaci\u00f3n de <em>AM Quer\u00e9taro<\/em><\/p>\n","protected":false},"excerpt":{"rendered":"<p>Derivado de la baja en los casos activos de Covid-19 en la entidad y la disminuci\u00f3n en la letalidad de la enfermedad, la ciudadan\u00eda queretana tiene una \u201cfalsa sensaci\u00f3n de &hellip; <a href=\"https:\/\/a3noticias.com.mx\/sandbox\/2022\/03\/31\/ante-disminucion-en-casos-activos-de-covid-en-queretaro-se-ha-reducido-la-afluencia-en-vacunacion\/\" class=\"more-link\">Leer m\u00e1s<\/a><\/p>\n","protected":false},"author":4,"featured_media":19872,"comment_status":"open","ping_status":"open","sticky":false,"template":"","format":"standard","meta":{"_monsterinsights_skip_tracking":false,"_monsterinsights_sitenote_active":false,"_monsterinsights_sitenote_note":"","_monsterinsights_sitenote_category":0,"footnotes":""},"categories":[2],"tags":[],"class_list":["post-19871","post","type-post","status-publish","format-standard","has-post-thumbnail","hentry","category-qro","entry"],"aioseo_notices":[],"_links":{"self":[{"href":"https:\/\/a3noticias.com.mx\/sandbox\/wp-json\/wp\/v2\/posts\/19871","targetHints":{"allow":["GET"]}}],"collection":[{"href":"https:\/\/a3noticias.com.mx\/sandbox\/wp-json\/wp\/v2\/posts"}],"about":[{"href":"https:\/\/a3noticias.com.mx\/sandbox\/wp-json\/wp\/v2\/types\/post"}],"author":[{"embeddable":true,"href":"https:\/\/a3noticias.com.mx\/sandbox\/wp-json\/wp\/v2\/users\/4"}],"replies":[{"embeddable":true,"href":"https:\/\/a3noticias.com.mx\/sandbox\/wp-json\/wp\/v2\/comments?post=19871"}],"version-history":[{"count":1,"href":"https:\/\/a3noticias.com.mx\/sandbox\/wp-json\/wp\/v2\/posts\/19871\/revisions"}],"predecessor-version":[{"id":19873,"href":"https:\/\/a3noticias.com.mx\/sandbox\/wp-json\/wp\/v2\/posts\/19871\/revisions\/19873"}],"wp:featuredmedia":[{"embeddable":true,"href":"https:\/\/a3noticias.com.mx\/sandbox\/wp-json\/wp\/v2\/media\/19872"}],"wp:attachment":[{"href":"https:\/\/a3noticias.com.mx\/sandbox\/wp-json\/wp\/v2\/media?parent=19871"}],"wp:term":[{"taxonomy":"category","embeddable":true,"href":"https:\/\/a3noticias.com.mx\/sandbox\/wp-json\/wp\/v2\/categories?post=19871"},{"taxonomy":"post_tag","embeddable":true,"href":"https:\/\/a3noticias.com.mx\/sandbox\/wp-json\/wp\/v2\/tags?post=19871"}],"curies":[{"name":"wp","href":"https:\/\/api.w.org\/{rel}","templated":true}]}}