{"id":19874,"date":"2022-03-31T11:04:40","date_gmt":"2022-03-31T17:04:40","guid":{"rendered":"https:\/\/a3noticias.com.mx\/sandbox\/?p=19874"},"modified":"2022-03-31T11:04:42","modified_gmt":"2022-03-31T17:04:42","slug":"un-incendio-acabo-con-parte-del-emblematico-mercado-de-san-juan-de-dios-ubicado-en-el-centro-de-guadalajara","status":"publish","type":"post","link":"https:\/\/a3noticias.com.mx\/sandbox\/2022\/03\/31\/un-incendio-acabo-con-parte-del-emblematico-mercado-de-san-juan-de-dios-ubicado-en-el-centro-de-guadalajara\/","title":{"rendered":"Un incendio acab\u00f3 con parte del emblem\u00e1tico mercado de San Juan de Dios, ubicado en  el centro de Guadalajara."},"content":{"rendered":"\n<p>Durante la madrugada de este jueves se incendi\u00f3 el emblem\u00e1tico mercado de San Juan de Dios, uno de los m\u00e1s grandes de Am\u00e9rica Latina.<\/p>\n\n\n\n<p>Bomberos del \u00e1rea metropolitana de Guadalajara, Jalisco, y elementos de Protecci\u00f3n Civil, lograron controlar el incendio en el \u00e1rea de comida, fueron m\u00e1s de 300 elementos los que apoyaron para apagar el incendio.<\/p>\n\n\n\n<p>A trav\u00e9s de redes sociales, el gobernador de Jalisco, Enrique Alfaro, inform\u00f3 a las 06:33 horas que el incendio ya hab\u00eda logrado ser controlado, hasta el momento no se tiene reporte de personas lesionadas.\u00a0<\/p>\n\n\n\n<blockquote class=\"twitter-tweet\"><p lang=\"es\" dir=\"ltr\">Tras varias horas de arduas labores y la voluntad de m\u00e1s de 300 elementos y 65 unidades de apoyo de distintas corporaciones del AMG , el lamentable incendio en el interior del mercado San Juan de Dios est\u00e1 controlado y sin reporte de lesionados. Escucha los detalles: <a href=\"https:\/\/t.co\/Yjtriy3rbl\">pic.twitter.com\/Yjtriy3rbl<\/a><\/p>&mdash; Enrique Alfaro (@EnriqueAlfaroR) <a href=\"https:\/\/twitter.com\/EnriqueAlfaroR\/status\/1509509091625996292?ref_src=twsrc%5Etfw\">March 31, 2022<\/a><\/blockquote> <script async src=\"https:\/\/platform.twitter.com\/widgets.js\" charset=\"utf-8\"><\/script>\n\n\n\n<p>El incendio inici\u00f3 poco despu\u00e9s de las 03:00 horas del jueves, y no hay reporte de personas al interior del inmueble, seg\u00fan dio a conocer el presidente municipal de Guadalajara, Pablo Lemus.<\/p>\n\n\n\n<figure class=\"wp-block-gallery columns-3 is-cropped wp-block-gallery-1 is-layout-flex wp-block-gallery-is-layout-flex\"><ul class=\"blocks-gallery-grid\"><li class=\"blocks-gallery-item\"><figure><img loading=\"lazy\" decoding=\"async\" width=\"160\" height=\"90\" src=\"https:\/\/a3noticias.com.mx\/sandbox\/wp-content\/uploads\/2022\/03\/Mercado-3-160x90.jpeg\" alt=\"\" data-id=\"19875\" data-full-url=\"https:\/\/a3noticias.com.mx\/sandbox\/wp-content\/uploads\/2022\/03\/Mercado-3.jpeg\" data-link=\"https:\/\/a3noticias.com.mx\/sandbox\/?attachment_id=19875\" class=\"wp-image-19875\" srcset=\"https:\/\/a3noticias.com.mx\/sandbox\/wp-content\/uploads\/2022\/03\/Mercado-3-160x90.jpeg 160w, https:\/\/a3noticias.com.mx\/sandbox\/wp-content\/uploads\/2022\/03\/Mercado-3-300x169.jpeg 300w, https:\/\/a3noticias.com.mx\/sandbox\/wp-content\/uploads\/2022\/03\/Mercado-3-768x432.jpeg 768w, https:\/\/a3noticias.com.mx\/sandbox\/wp-content\/uploads\/2022\/03\/Mercado-3.jpeg 1408w\" sizes=\"auto, (max-width: 160px) 100vw, 160px\" \/><\/figure><\/li><li class=\"blocks-gallery-item\"><figure><img loading=\"lazy\" decoding=\"async\" width=\"160\" height=\"90\" src=\"https:\/\/a3noticias.com.mx\/sandbox\/wp-content\/uploads\/2022\/03\/mercado-160x90.jpeg\" alt=\"\" data-id=\"19876\" data-full-url=\"https:\/\/a3noticias.com.mx\/sandbox\/wp-content\/uploads\/2022\/03\/mercado.jpeg\" data-link=\"https:\/\/a3noticias.com.mx\/sandbox\/?attachment_id=19876\" class=\"wp-image-19876\" srcset=\"https:\/\/a3noticias.com.mx\/sandbox\/wp-content\/uploads\/2022\/03\/mercado-160x90.jpeg 160w, https:\/\/a3noticias.com.mx\/sandbox\/wp-content\/uploads\/2022\/03\/mercado-300x169.jpeg 300w, https:\/\/a3noticias.com.mx\/sandbox\/wp-content\/uploads\/2022\/03\/mercado-768x432.jpeg 768w, https:\/\/a3noticias.com.mx\/sandbox\/wp-content\/uploads\/2022\/03\/mercado.jpeg 1280w\" sizes=\"auto, (max-width: 160px) 100vw, 160px\" \/><\/figure><\/li><li class=\"blocks-gallery-item\"><figure><img loading=\"lazy\" decoding=\"async\" width=\"160\" height=\"90\" src=\"https:\/\/a3noticias.com.mx\/sandbox\/wp-content\/uploads\/2022\/03\/mercado2-160x90.jpeg\" alt=\"\" data-id=\"19877\" data-full-url=\"https:\/\/a3noticias.com.mx\/sandbox\/wp-content\/uploads\/2022\/03\/mercado2.jpeg\" data-link=\"https:\/\/a3noticias.com.mx\/sandbox\/?attachment_id=19877\" class=\"wp-image-19877\" srcset=\"https:\/\/a3noticias.com.mx\/sandbox\/wp-content\/uploads\/2022\/03\/mercado2-160x90.jpeg 160w, https:\/\/a3noticias.com.mx\/sandbox\/wp-content\/uploads\/2022\/03\/mercado2-300x169.jpeg 300w, https:\/\/a3noticias.com.mx\/sandbox\/wp-content\/uploads\/2022\/03\/mercado2-768x432.jpeg 768w, https:\/\/a3noticias.com.mx\/sandbox\/wp-content\/uploads\/2022\/03\/mercado2.jpeg 1280w\" sizes=\"auto, (max-width: 160px) 100vw, 160px\" \/><\/figure><\/li><\/ul><\/figure>\n","protected":false},"excerpt":{"rendered":"<p>Durante la madrugada de este jueves se incendi\u00f3 el emblem\u00e1tico mercado de San Juan de Dios, uno de los m\u00e1s grandes de Am\u00e9rica Latina. Bomberos del \u00e1rea metropolitana de Guadalajara, &hellip; <a href=\"https:\/\/a3noticias.com.mx\/sandbox\/2022\/03\/31\/un-incendio-acabo-con-parte-del-emblematico-mercado-de-san-juan-de-dios-ubicado-en-el-centro-de-guadalajara\/\" class=\"more-link\">Leer m\u00e1s<\/a><\/p>\n","protected":false},"author":2,"featured_media":19877,"comment_status":"open","ping_status":"open","sticky":false,"template":"","format":"standard","meta":{"_monsterinsights_skip_tracking":false,"_monsterinsights_sitenote_active":false,"_monsterinsights_sitenote_note":"","_monsterinsights_sitenote_category":0,"footnotes":""},"categories":[3],"tags":[],"class_list":["post-19874","post","type-post","status-publish","format-standard","has-post-thumbnail","hentry","category-nal","entry"],"aioseo_notices":[],"_links":{"self":[{"href":"https:\/\/a3noticias.com.mx\/sandbox\/wp-json\/wp\/v2\/posts\/19874","targetHints":{"allow":["GET"]}}],"collection":[{"href":"https:\/\/a3noticias.com.mx\/sandbox\/wp-json\/wp\/v2\/posts"}],"about":[{"href":"https:\/\/a3noticias.com.mx\/sandbox\/wp-json\/wp\/v2\/types\/post"}],"author":[{"embeddable":true,"href":"https:\/\/a3noticias.com.mx\/sandbox\/wp-json\/wp\/v2\/users\/2"}],"replies":[{"embeddable":true,"href":"https:\/\/a3noticias.com.mx\/sandbox\/wp-json\/wp\/v2\/comments?post=19874"}],"version-history":[{"count":1,"href":"https:\/\/a3noticias.com.mx\/sandbox\/wp-json\/wp\/v2\/posts\/19874\/revisions"}],"predecessor-version":[{"id":19878,"href":"https:\/\/a3noticias.com.mx\/sandbox\/wp-json\/wp\/v2\/posts\/19874\/revisions\/19878"}],"wp:featuredmedia":[{"embeddable":true,"href":"https:\/\/a3noticias.com.mx\/sandbox\/wp-json\/wp\/v2\/media\/19877"}],"wp:attachment":[{"href":"https:\/\/a3noticias.com.mx\/sandbox\/wp-json\/wp\/v2\/media?parent=19874"}],"wp:term":[{"taxonomy":"category","embeddable":true,"href":"https:\/\/a3noticias.com.mx\/sandbox\/wp-json\/wp\/v2\/categories?post=19874"},{"taxonomy":"post_tag","embeddable":true,"href":"https:\/\/a3noticias.com.mx\/sandbox\/wp-json\/wp\/v2\/tags?post=19874"}],"curies":[{"name":"wp","href":"https:\/\/api.w.org\/{rel}","templated":true}]}}