{"id":19883,"date":"2022-03-31T11:41:12","date_gmt":"2022-03-31T17:41:12","guid":{"rendered":"https:\/\/a3noticias.com.mx\/sandbox\/?p=19883"},"modified":"2022-03-31T11:41:12","modified_gmt":"2022-03-31T17:41:12","slug":"dif-estatal-investigara-supuesto-maltrato-a-alfredo-kevin-en-su-familia","status":"publish","type":"post","link":"https:\/\/a3noticias.com.mx\/sandbox\/2022\/03\/31\/dif-estatal-investigara-supuesto-maltrato-a-alfredo-kevin-en-su-familia\/","title":{"rendered":"DIF estatal investigar\u00e1 supuesto maltrato a Alfredo Kevin en su familia."},"content":{"rendered":"\n<p>Oscar Garc\u00eda, director del  Sistema Estatal DIF, se\u00f1al\u00f3 que se va a investigar la supuesta violencia psicol\u00f3gica y f\u00edsica que denunci\u00f3 a trav\u00e9s de redes sociales el menor Alfredo Kevin Miguel P\u00e9rez, donde se\u00f1al\u00f3 ser v\u00edctima de abusos y maltratos por parte de su madre y padrastro.\u00a0<\/p>\n\n\n\n<p>Dijo que se investigar\u00e1n las condiciones del menor, para luego determinar si podr\u00eda ser resguardado por la dependencia.&nbsp;<\/p>\n\n\n\n<blockquote class=\"wp-block-quote is-layout-flow wp-block-quote-is-layout-flow\"><p>\u201cProcuradur\u00eda ya est\u00e1 en el tema, me refiero a Procuradur\u00eda de Protecci\u00f3n de Ni\u00f1os y Adolescentes y el Sistema Estatal DIF, lo primero que hay que hacer, es hacer presencia (\u2026) a partir de ah\u00ed empezar a determinar cu\u00e1les son las condiciones del menor\u201d.\u00a0<\/p><\/blockquote>\n\n\n\n<p>Actualmente la b\u00fasqueda del menor se encuentra a cargo de la Fiscal\u00eda del Estado, y existe una carpeta de investigaci\u00f3n por desaparici\u00f3n que present\u00f3 la madre del menor.&nbsp;<\/p>\n\n\n\n<blockquote class=\"wp-block-quote is-layout-flow wp-block-quote-is-layout-flow\"><p>\u201cDejar muy claro que es un proceso que lleva a cabo Fiscal\u00eda, seg\u00fan entendemos, hay una carpeta de investigaci\u00f3n por desaparici\u00f3n que present\u00f3 la madre. Nosotros, a trav\u00e9s de la Procuradur\u00eda, lo que vamos a hacer es hacer presencia en esa carpeta de investigaci\u00f3n y a partir de ah\u00ed fluir, ver cu\u00e1l es la informaci\u00f3n que est\u00e1 dentro de esta carpeta\u201d.\u00a0<\/p><\/blockquote>\n\n\n\n<p>El Director resalt\u00f3 que en primera instancia se buscar\u00e1 establecer las redes de apoyo familiar del menor, a fin de establecer si efectivamente fue v\u00edctima de violencia. Asimismo destac\u00f3 que la primera acci\u00f3n de la Procuradur\u00eda es establecer una b\u00fasqueda para identificar al n\u00facleo familiar, pues el menor no ha sido localizado hasta ahora.&nbsp;<\/p>\n","protected":false},"excerpt":{"rendered":"<p>Oscar Garc\u00eda, director del Sistema Estatal DIF, se\u00f1al\u00f3 que se va a investigar la supuesta violencia psicol\u00f3gica y f\u00edsica que denunci\u00f3 a trav\u00e9s de redes sociales el menor Alfredo Kevin &hellip; <a href=\"https:\/\/a3noticias.com.mx\/sandbox\/2022\/03\/31\/dif-estatal-investigara-supuesto-maltrato-a-alfredo-kevin-en-su-familia\/\" class=\"more-link\">Leer m\u00e1s<\/a><\/p>\n","protected":false},"author":2,"featured_media":19831,"comment_status":"open","ping_status":"open","sticky":false,"template":"","format":"standard","meta":{"_monsterinsights_skip_tracking":false,"_monsterinsights_sitenote_active":false,"_monsterinsights_sitenote_note":"","_monsterinsights_sitenote_category":0,"footnotes":""},"categories":[2,11],"tags":[],"class_list":["post-19883","post","type-post","status-publish","format-standard","has-post-thumbnail","hentry","category-qro","category-seg","entry"],"aioseo_notices":[],"_links":{"self":[{"href":"https:\/\/a3noticias.com.mx\/sandbox\/wp-json\/wp\/v2\/posts\/19883","targetHints":{"allow":["GET"]}}],"collection":[{"href":"https:\/\/a3noticias.com.mx\/sandbox\/wp-json\/wp\/v2\/posts"}],"about":[{"href":"https:\/\/a3noticias.com.mx\/sandbox\/wp-json\/wp\/v2\/types\/post"}],"author":[{"embeddable":true,"href":"https:\/\/a3noticias.com.mx\/sandbox\/wp-json\/wp\/v2\/users\/2"}],"replies":[{"embeddable":true,"href":"https:\/\/a3noticias.com.mx\/sandbox\/wp-json\/wp\/v2\/comments?post=19883"}],"version-history":[{"count":1,"href":"https:\/\/a3noticias.com.mx\/sandbox\/wp-json\/wp\/v2\/posts\/19883\/revisions"}],"predecessor-version":[{"id":19884,"href":"https:\/\/a3noticias.com.mx\/sandbox\/wp-json\/wp\/v2\/posts\/19883\/revisions\/19884"}],"wp:featuredmedia":[{"embeddable":true,"href":"https:\/\/a3noticias.com.mx\/sandbox\/wp-json\/wp\/v2\/media\/19831"}],"wp:attachment":[{"href":"https:\/\/a3noticias.com.mx\/sandbox\/wp-json\/wp\/v2\/media?parent=19883"}],"wp:term":[{"taxonomy":"category","embeddable":true,"href":"https:\/\/a3noticias.com.mx\/sandbox\/wp-json\/wp\/v2\/categories?post=19883"},{"taxonomy":"post_tag","embeddable":true,"href":"https:\/\/a3noticias.com.mx\/sandbox\/wp-json\/wp\/v2\/tags?post=19883"}],"curies":[{"name":"wp","href":"https:\/\/api.w.org\/{rel}","templated":true}]}}