{"id":19885,"date":"2022-04-01T09:02:32","date_gmt":"2022-04-01T15:02:32","guid":{"rendered":"https:\/\/a3noticias.com.mx\/sandbox\/?p=19885"},"modified":"2022-04-01T09:02:33","modified_gmt":"2022-04-01T15:02:33","slug":"queretaro-sumo-12-defunciones-por-este-jueves","status":"publish","type":"post","link":"https:\/\/a3noticias.com.mx\/sandbox\/2022\/04\/01\/queretaro-sumo-12-defunciones-por-este-jueves\/","title":{"rendered":"Quer\u00e9taro sum\u00f3 12 defunciones por este jueves"},"content":{"rendered":"\n<p>En Quer\u00e9taro, dos hombres -de 27 y 67 a\u00f1os-, sin comorbilidad, as\u00ed como seis hombres -de 35, 41, 63, 69, 71 y 84 a\u00f1os-, y cuatro mujeres -de 3, 74, 78 y 80-, con diversas comorbilidades, que se encontraban hospitalizados, fallecieron a causa de COVID-19.<\/p>\n\n\n\n<p>En el estado se suman 13 casos de la enfermedad; se trata de siete mujeres y seis hombres. El registro acumulado es de 137 mil 509 casos; 52% son mujeres y 48% son hombres.<\/p>\n\n\n\n<p>Se dio de alta sanitaria a un paciente, con lo que se tiene un registro de 130 mil 751 altas (95.08%).<\/p>\n\n\n\n<p>Con sintomatolog\u00eda leve, aislamiento y manejo en su domicilio hay 104 pacientes y 17 hospitalizados, cinco de los cuales se encuentran graves. Se han registrado seis mil 637 defunciones.<\/p>\n\n\n\n<p>Con relaci\u00f3n a la disponibilidad de camas de hospitalizaci\u00f3n general y con ventilador, con informaci\u00f3n del 30 de marzo, se tiene una ocupaci\u00f3n de siete por ciento, con base en la Red Negativa de Infecciones Respiratorias Agudas (IRAG).<\/p>\n\n\n\n<p>En Quer\u00e9taro se registra ocho por ciento de ocupaci\u00f3n de camas con ventilador y siete por ciento en camas sin ventilador.<\/p>\n\n\n\n<p>Se exhorta a la poblaci\u00f3n a no automedicarse y, para prevenir la transmisi\u00f3n, lavarse las manos de manera frecuente con agua y jab\u00f3n o utilizar soluciones alcoholadas a 70%, usar cubreboca al salir de casa y mantener sana distancia entre personas (de 1.5 a dos metros).<\/p>\n\n\n\n<p>Asimismo, a quedarse en casa cuando se tienen enfermedades respiratorias y comunicarse al&nbsp;<em>call center<\/em>estatal&nbsp;<a href=\"tel:4421015205\">4421015205<\/a>, para recibir orientaci\u00f3n m\u00e9dica si se presenta alguno de los s\u00edntomas o signos como: dificultad para respirar (dato de gravedad), fiebre (mayor a 38 grados), dolor de cabeza, tos, dolor de garganta, escurrimiento nasal, dolor de pecho, alteraci\u00f3n del olfato o del sentido del gusto.<\/p>\n\n\n\n<p>Para m\u00e1s informaci\u00f3n sobre COVID-19 consulta los micrositios:&nbsp;<a href=\"http:\/\/www.coronavirus.gob.mx\/\" target=\"_blank\" rel=\"noreferrer noopener\">coronavirus.gob.mx<\/a>&nbsp;&nbsp;y&nbsp;<a href=\"http:\/\/www.covid19.queretaro.gob.mx\/\" target=\"_blank\" rel=\"noreferrer noopener\">covid19.queretaro.gob.mx<\/a>&nbsp;&nbsp;&nbsp;&nbsp;&nbsp;<\/p>\n","protected":false},"excerpt":{"rendered":"<p>En Quer\u00e9taro, dos hombres -de 27 y 67 a\u00f1os-, sin comorbilidad, as\u00ed como seis hombres -de 35, 41, 63, 69, 71 y 84 a\u00f1os-, y cuatro mujeres -de 3, 74, &hellip; <a href=\"https:\/\/a3noticias.com.mx\/sandbox\/2022\/04\/01\/queretaro-sumo-12-defunciones-por-este-jueves\/\" class=\"more-link\">Leer m\u00e1s<\/a><\/p>\n","protected":false},"author":4,"featured_media":19886,"comment_status":"open","ping_status":"open","sticky":false,"template":"","format":"standard","meta":{"_monsterinsights_skip_tracking":false,"_monsterinsights_sitenote_active":false,"_monsterinsights_sitenote_note":"","_monsterinsights_sitenote_category":0,"footnotes":""},"categories":[2],"tags":[],"class_list":["post-19885","post","type-post","status-publish","format-standard","has-post-thumbnail","hentry","category-qro","entry"],"aioseo_notices":[],"_links":{"self":[{"href":"https:\/\/a3noticias.com.mx\/sandbox\/wp-json\/wp\/v2\/posts\/19885","targetHints":{"allow":["GET"]}}],"collection":[{"href":"https:\/\/a3noticias.com.mx\/sandbox\/wp-json\/wp\/v2\/posts"}],"about":[{"href":"https:\/\/a3noticias.com.mx\/sandbox\/wp-json\/wp\/v2\/types\/post"}],"author":[{"embeddable":true,"href":"https:\/\/a3noticias.com.mx\/sandbox\/wp-json\/wp\/v2\/users\/4"}],"replies":[{"embeddable":true,"href":"https:\/\/a3noticias.com.mx\/sandbox\/wp-json\/wp\/v2\/comments?post=19885"}],"version-history":[{"count":1,"href":"https:\/\/a3noticias.com.mx\/sandbox\/wp-json\/wp\/v2\/posts\/19885\/revisions"}],"predecessor-version":[{"id":19887,"href":"https:\/\/a3noticias.com.mx\/sandbox\/wp-json\/wp\/v2\/posts\/19885\/revisions\/19887"}],"wp:featuredmedia":[{"embeddable":true,"href":"https:\/\/a3noticias.com.mx\/sandbox\/wp-json\/wp\/v2\/media\/19886"}],"wp:attachment":[{"href":"https:\/\/a3noticias.com.mx\/sandbox\/wp-json\/wp\/v2\/media?parent=19885"}],"wp:term":[{"taxonomy":"category","embeddable":true,"href":"https:\/\/a3noticias.com.mx\/sandbox\/wp-json\/wp\/v2\/categories?post=19885"},{"taxonomy":"post_tag","embeddable":true,"href":"https:\/\/a3noticias.com.mx\/sandbox\/wp-json\/wp\/v2\/tags?post=19885"}],"curies":[{"name":"wp","href":"https:\/\/api.w.org\/{rel}","templated":true}]}}