{"id":19910,"date":"2022-04-01T15:28:36","date_gmt":"2022-04-01T21:28:36","guid":{"rendered":"https:\/\/a3noticias.com.mx\/sandbox\/?p=19910"},"modified":"2022-04-01T15:28:37","modified_gmt":"2022-04-01T21:28:37","slug":"aprueban-legisladores-paquete-de-reformas-al-codigo-penal","status":"publish","type":"post","link":"https:\/\/a3noticias.com.mx\/sandbox\/2022\/04\/01\/aprueban-legisladores-paquete-de-reformas-al-codigo-penal\/","title":{"rendered":"Aprueban legisladores paquete de reformas al C\u00f3digo Penal."},"content":{"rendered":"\n<p>Con 18 votos a favor, 2 en contra y una abstenci\u00f3n, se aprob\u00f3 por la LX Legislatura Local el paquete de iniciativas del Gobernador del Estado de Quer\u00e9taro, Mauricio Kuri Gonz\u00e1lez; el cual trata de reformas enfocadas en prevenci\u00f3n y refuerzo en temas de seguridad, as\u00ed como en el incremento de sanciones.&nbsp;<\/p>\n\n\n\n<p>Fueron un total de 119 reformas, de las cuales 113 formaron parte del paquete que turn\u00f3 el gobernador y 6 que previamente ingresaron legisladores, relacionadas con reformas al C\u00f3digo Penal o en materia de seguridad.<\/p>\n\n\n\n<p>Entre lo aprobado estuvo el incrementar la pena m\u00ednima contra feminicidio, homicidio y homicidio calificado; se cre\u00f3 el Centro de Prevenci\u00f3n Social del Delito; se sancion\u00f3 la rapi\u00f1a en accidentes automovil\u00edsticos; as\u00ed como catalogar y sancionar el robo a las escuelas; sancionar el ocultamiento de identidad, en cualquiera de sus formatos, incluido en redes sociales.<\/p>\n\n\n\n<p>Adem\u00e1s, se aumentaron las penas por violencia en eventos deportivos y espect\u00e1culos de cualquier tipo. El delito ser\u00e1 sancionado con 2 a 6 a\u00f1os de prisi\u00f3n.<\/p>\n\n\n\n<p>Tambi\u00e9n se sancionar\u00e1 a quien cometa los delitos de profanar, violar o destruir un sepulcro, sepultura o restos de cremaci\u00f3n.<\/p>\n\n\n\n<p>Ser\u00e1 obligatorio capacitar a la polic\u00eda para que sea capaz de resolver conflictos, sea polic\u00eda de proximidad y tambi\u00e9n polic\u00eda ambiental.<\/p>\n","protected":false},"excerpt":{"rendered":"<p>Con 18 votos a favor, 2 en contra y una abstenci\u00f3n, se aprob\u00f3 por la LX Legislatura Local el paquete de iniciativas del Gobernador del Estado de Quer\u00e9taro, Mauricio Kuri &hellip; <a href=\"https:\/\/a3noticias.com.mx\/sandbox\/2022\/04\/01\/aprueban-legisladores-paquete-de-reformas-al-codigo-penal\/\" class=\"more-link\">Leer m\u00e1s<\/a><\/p>\n","protected":false},"author":2,"featured_media":19911,"comment_status":"open","ping_status":"open","sticky":false,"template":"","format":"standard","meta":{"_monsterinsights_skip_tracking":false,"_monsterinsights_sitenote_active":false,"_monsterinsights_sitenote_note":"","_monsterinsights_sitenote_category":0,"footnotes":""},"categories":[2],"tags":[],"class_list":["post-19910","post","type-post","status-publish","format-standard","has-post-thumbnail","hentry","category-qro","entry"],"aioseo_notices":[],"_links":{"self":[{"href":"https:\/\/a3noticias.com.mx\/sandbox\/wp-json\/wp\/v2\/posts\/19910","targetHints":{"allow":["GET"]}}],"collection":[{"href":"https:\/\/a3noticias.com.mx\/sandbox\/wp-json\/wp\/v2\/posts"}],"about":[{"href":"https:\/\/a3noticias.com.mx\/sandbox\/wp-json\/wp\/v2\/types\/post"}],"author":[{"embeddable":true,"href":"https:\/\/a3noticias.com.mx\/sandbox\/wp-json\/wp\/v2\/users\/2"}],"replies":[{"embeddable":true,"href":"https:\/\/a3noticias.com.mx\/sandbox\/wp-json\/wp\/v2\/comments?post=19910"}],"version-history":[{"count":1,"href":"https:\/\/a3noticias.com.mx\/sandbox\/wp-json\/wp\/v2\/posts\/19910\/revisions"}],"predecessor-version":[{"id":19912,"href":"https:\/\/a3noticias.com.mx\/sandbox\/wp-json\/wp\/v2\/posts\/19910\/revisions\/19912"}],"wp:featuredmedia":[{"embeddable":true,"href":"https:\/\/a3noticias.com.mx\/sandbox\/wp-json\/wp\/v2\/media\/19911"}],"wp:attachment":[{"href":"https:\/\/a3noticias.com.mx\/sandbox\/wp-json\/wp\/v2\/media?parent=19910"}],"wp:term":[{"taxonomy":"category","embeddable":true,"href":"https:\/\/a3noticias.com.mx\/sandbox\/wp-json\/wp\/v2\/categories?post=19910"},{"taxonomy":"post_tag","embeddable":true,"href":"https:\/\/a3noticias.com.mx\/sandbox\/wp-json\/wp\/v2\/tags?post=19910"}],"curies":[{"name":"wp","href":"https:\/\/api.w.org\/{rel}","templated":true}]}}