{"id":19988,"date":"2022-04-05T10:45:56","date_gmt":"2022-04-05T15:45:56","guid":{"rendered":"https:\/\/a3noticias.com.mx\/sandbox\/?p=19988"},"modified":"2022-04-05T10:45:56","modified_gmt":"2022-04-05T15:45:56","slug":"municipio-de-queretaro-presenta-operativo-para-semana-santa","status":"publish","type":"post","link":"https:\/\/a3noticias.com.mx\/sandbox\/2022\/04\/05\/municipio-de-queretaro-presenta-operativo-para-semana-santa\/","title":{"rendered":"Municipio de Quer\u00e9taro presenta operativo para Semana Santa."},"content":{"rendered":"\n<p>Autoridades municipales presentaron el operativo de Semana Santa 2022 que se implementar\u00e1 en la capital del 10 al 17 de abril.<\/p>\n\n\n\n<p>A partir del domingo 10 de abril,\u00a0 se instalar\u00e1 un puesto de mando en Plaza Constituci\u00f3n, desde el cual se coordinar\u00e1 el operativo. Participar\u00e1n 36 elementos de la coordinaci\u00f3n de protecci\u00f3n civil, as\u00ed como 11 unidades entre ambulancias, motocicletas y cuatrimotos para brindar atenci\u00f3n en caso de emergencias.<\/p>\n\n\n\n<p>De igual forma, por parte del operativo, se van a monitorear 13 bordos y presas, para poder evitar que personas ingresen a nadar y puedan sufrir alg\u00fan incidente.&nbsp;<\/p>\n\n\n\n<p>En el caso de las celebraciones religiosas, se tendr\u00e1 coordinaci\u00f3n con personal de las delegaciones para dar atenci\u00f3n a las medidas sanitarias, as\u00ed como evitar percances.&nbsp;<\/p>\n\n\n\n<p>El presidente municipal, Luis Bernardo Nava, pidi\u00f3 la colaboraci\u00f3n de todos los ciudadanos para pasar las fechas de la forma m\u00e1s segura posible.&nbsp;<\/p>\n\n\n\n<blockquote class=\"wp-block-quote is-layout-flow wp-block-quote-is-layout-flow\"><p>\u201cPara lograr que este operativo llegue a buen puerto necesitamos de la colaboraci\u00f3n de todos los ciudadanos para evitar accidentes\u201d.\u00a0<\/p><\/blockquote>\n","protected":false},"excerpt":{"rendered":"<p>Autoridades municipales presentaron el operativo de Semana Santa 2022 que se implementar\u00e1 en la capital del 10 al 17 de abril. A partir del domingo 10 de abril,\u00a0 se instalar\u00e1 &hellip; <a href=\"https:\/\/a3noticias.com.mx\/sandbox\/2022\/04\/05\/municipio-de-queretaro-presenta-operativo-para-semana-santa\/\" class=\"more-link\">Leer m\u00e1s<\/a><\/p>\n","protected":false},"author":2,"featured_media":19989,"comment_status":"open","ping_status":"open","sticky":false,"template":"","format":"standard","meta":{"_monsterinsights_skip_tracking":false,"_monsterinsights_sitenote_active":false,"_monsterinsights_sitenote_note":"","_monsterinsights_sitenote_category":0,"footnotes":""},"categories":[2],"tags":[],"class_list":["post-19988","post","type-post","status-publish","format-standard","has-post-thumbnail","hentry","category-qro","entry"],"aioseo_notices":[],"_links":{"self":[{"href":"https:\/\/a3noticias.com.mx\/sandbox\/wp-json\/wp\/v2\/posts\/19988","targetHints":{"allow":["GET"]}}],"collection":[{"href":"https:\/\/a3noticias.com.mx\/sandbox\/wp-json\/wp\/v2\/posts"}],"about":[{"href":"https:\/\/a3noticias.com.mx\/sandbox\/wp-json\/wp\/v2\/types\/post"}],"author":[{"embeddable":true,"href":"https:\/\/a3noticias.com.mx\/sandbox\/wp-json\/wp\/v2\/users\/2"}],"replies":[{"embeddable":true,"href":"https:\/\/a3noticias.com.mx\/sandbox\/wp-json\/wp\/v2\/comments?post=19988"}],"version-history":[{"count":1,"href":"https:\/\/a3noticias.com.mx\/sandbox\/wp-json\/wp\/v2\/posts\/19988\/revisions"}],"predecessor-version":[{"id":19990,"href":"https:\/\/a3noticias.com.mx\/sandbox\/wp-json\/wp\/v2\/posts\/19988\/revisions\/19990"}],"wp:featuredmedia":[{"embeddable":true,"href":"https:\/\/a3noticias.com.mx\/sandbox\/wp-json\/wp\/v2\/media\/19989"}],"wp:attachment":[{"href":"https:\/\/a3noticias.com.mx\/sandbox\/wp-json\/wp\/v2\/media?parent=19988"}],"wp:term":[{"taxonomy":"category","embeddable":true,"href":"https:\/\/a3noticias.com.mx\/sandbox\/wp-json\/wp\/v2\/categories?post=19988"},{"taxonomy":"post_tag","embeddable":true,"href":"https:\/\/a3noticias.com.mx\/sandbox\/wp-json\/wp\/v2\/tags?post=19988"}],"curies":[{"name":"wp","href":"https:\/\/api.w.org\/{rel}","templated":true}]}}