{"id":19991,"date":"2022-04-05T11:15:00","date_gmt":"2022-04-05T16:15:00","guid":{"rendered":"https:\/\/a3noticias.com.mx\/sandbox\/?p=19991"},"modified":"2022-04-05T11:15:02","modified_gmt":"2022-04-05T16:15:02","slug":"va-por-mexico-presenta-contrapropuesta-de-reforma-electrica","status":"publish","type":"post","link":"https:\/\/a3noticias.com.mx\/sandbox\/2022\/04\/05\/va-por-mexico-presenta-contrapropuesta-de-reforma-electrica\/","title":{"rendered":"&#8216;Va por M\u00e9xico&#8217; presenta contrapropuesta de Reforma El\u00e9ctrica."},"content":{"rendered":"\n<p>La alianza Va por M\u00e9xico, integrada por el Partido Acci\u00f3n Nacional (PAN), el Partido Revolucionario Institucional (PRI) y el Partido de la Revoluci\u00f3n Democr\u00e1tica (PRD), present\u00f3 una contrapropuesta de Reforma El\u00e9ctrica a la iniciativa del gobierno federal, encabezado por el presidente Andr\u00e9s Manuel L\u00f3pez Obrador.&nbsp;<\/p>\n\n\n\n<p>Dicha contrapropuesta contiene 12 ejes, entre los cuales destacan:<\/p>\n\n\n\n<ul class=\"wp-block-list\"><li>Energ\u00eda el\u00e9ctrica como un derecho humano para garantizar energ\u00eda el\u00e9ctrica continua, limpia y al costo m\u00e1s bajo posible.<\/li><li>Se corrigen los errores y los excesos del pasado, y se acaba con la simulaci\u00f3n.<\/li><li>Se fortalece a la Comisi\u00f3n Federal de Electricidad (CFE), al otorgarle autonom\u00eda presupuestaria y de gesti\u00f3n, operando fuera del presupuesto.<\/li><li>Y se propone que el litio sea propiedad del Estado, pero que su aprovechamiento siga las reglas del petr\u00f3leo.<\/li><\/ul>\n\n\n\n<p>En conferencia de prensa, los dirigentes nacionales del PAN, PRI y PRD y sus coordinadores parlamentarios coincidieron en que la Reforma El\u00e9ctrica del jefe del Ejecutivo no pasar\u00e1.<\/p>\n\n\n\n<blockquote class=\"wp-block-quote is-layout-flow wp-block-quote-is-layout-flow\"><p>\u201cNo va a pasar la reforma destructiva y contaminante del gobierno morenista. S\u00ed, queremos que la gente pague menos en su recibo y estamos diciendo c\u00f3mo lograrlo, parte de nuestra propuesta es que en las casas habitaci\u00f3n haya paneles solares subsidiados por el gobierno\u201d\u00a0 <\/p><cite>Marko Cort\u00e9s, dirigente nacional del PAN.<\/cite><\/blockquote>\n\n\n\n<blockquote class=\"wp-block-quote is-layout-flow wp-block-quote-is-layout-flow\"><p>\u201cEs un no categ\u00f3rico a la reforma regresiva que se ha presentado, sin pretenderle mover siquiera una coma, entonces eso est\u00e1 claro y la coalici\u00f3n \u2018Va por M\u00e9xico\u2019 tiene una propuesta profesional, moderna, de vanguardia que s\u00ed le sirve al Estado mexicano y que se habr\u00e1 de presentar cuando se rechace esa reforma\u201d.<\/p><cite>Alejandro Moreno, dirigente nacional del PRI.<\/cite><\/blockquote>\n\n\n\n<blockquote class=\"wp-block-quote is-layout-flow wp-block-quote-is-layout-flow\"><p>\u201cEsa de Morena no va a pasar porque se requieren los votos parlamentarios de los grupos parlamentarios aqu\u00ed representados, y entonces depender\u00e1 de Morena, si quiere reforma constitucional que acompa\u00f1e la nuestra\u201d.<\/p><cite>Jes\u00fas Zambrano, dirigente nacional del PRD.<\/cite><\/blockquote>\n\n\n\n<p><\/p>\n\n\n\n<p>Por su parte, el presidente, Andr\u00e9s Manuel L\u00f3pez Obrador, asegur\u00f3 este martes que hay diputados tanto del PRI, \u201cy en una de esas hasta del PAN\u201d, que apoyan la reforma el\u00e9ctrica que present\u00f3 en San L\u00e1zaro y llam\u00f3 a los legisladores a rebelarse.<\/p>\n","protected":false},"excerpt":{"rendered":"<p>La alianza Va por M\u00e9xico, integrada por el Partido Acci\u00f3n Nacional (PAN), el Partido Revolucionario Institucional (PRI) y el Partido de la Revoluci\u00f3n Democr\u00e1tica (PRD), present\u00f3 una contrapropuesta de Reforma &hellip; <a href=\"https:\/\/a3noticias.com.mx\/sandbox\/2022\/04\/05\/va-por-mexico-presenta-contrapropuesta-de-reforma-electrica\/\" class=\"more-link\">Leer m\u00e1s<\/a><\/p>\n","protected":false},"author":2,"featured_media":19995,"comment_status":"open","ping_status":"open","sticky":false,"template":"","format":"standard","meta":{"_monsterinsights_skip_tracking":false,"_monsterinsights_sitenote_active":false,"_monsterinsights_sitenote_note":"","_monsterinsights_sitenote_category":0,"footnotes":""},"categories":[3],"tags":[],"class_list":["post-19991","post","type-post","status-publish","format-standard","has-post-thumbnail","hentry","category-nal","entry"],"aioseo_notices":[],"_links":{"self":[{"href":"https:\/\/a3noticias.com.mx\/sandbox\/wp-json\/wp\/v2\/posts\/19991","targetHints":{"allow":["GET"]}}],"collection":[{"href":"https:\/\/a3noticias.com.mx\/sandbox\/wp-json\/wp\/v2\/posts"}],"about":[{"href":"https:\/\/a3noticias.com.mx\/sandbox\/wp-json\/wp\/v2\/types\/post"}],"author":[{"embeddable":true,"href":"https:\/\/a3noticias.com.mx\/sandbox\/wp-json\/wp\/v2\/users\/2"}],"replies":[{"embeddable":true,"href":"https:\/\/a3noticias.com.mx\/sandbox\/wp-json\/wp\/v2\/comments?post=19991"}],"version-history":[{"count":1,"href":"https:\/\/a3noticias.com.mx\/sandbox\/wp-json\/wp\/v2\/posts\/19991\/revisions"}],"predecessor-version":[{"id":19996,"href":"https:\/\/a3noticias.com.mx\/sandbox\/wp-json\/wp\/v2\/posts\/19991\/revisions\/19996"}],"wp:featuredmedia":[{"embeddable":true,"href":"https:\/\/a3noticias.com.mx\/sandbox\/wp-json\/wp\/v2\/media\/19995"}],"wp:attachment":[{"href":"https:\/\/a3noticias.com.mx\/sandbox\/wp-json\/wp\/v2\/media?parent=19991"}],"wp:term":[{"taxonomy":"category","embeddable":true,"href":"https:\/\/a3noticias.com.mx\/sandbox\/wp-json\/wp\/v2\/categories?post=19991"},{"taxonomy":"post_tag","embeddable":true,"href":"https:\/\/a3noticias.com.mx\/sandbox\/wp-json\/wp\/v2\/tags?post=19991"}],"curies":[{"name":"wp","href":"https:\/\/api.w.org\/{rel}","templated":true}]}}