{"id":20002,"date":"2022-04-06T09:39:22","date_gmt":"2022-04-06T14:39:22","guid":{"rendered":"https:\/\/a3noticias.com.mx\/sandbox\/?p=20002"},"modified":"2022-04-06T09:39:23","modified_gmt":"2022-04-06T14:39:23","slug":"amlo-descalifica-a-scjn-por-discusion-sobre-la-reforma-electrica","status":"publish","type":"post","link":"https:\/\/a3noticias.com.mx\/sandbox\/2022\/04\/06\/amlo-descalifica-a-scjn-por-discusion-sobre-la-reforma-electrica\/","title":{"rendered":"AMLO descalifica a SCJN por discusi\u00f3n sobre la Reforma El\u00e9ctrica."},"content":{"rendered":"\n<p>Luego de que este martes se llev\u00f3 a cabo la primera parte de la discusi\u00f3n sobre la Ley de la Industria El\u00e9ctrica (LIE) en la Suprema Corte de Justicia de la Naci\u00f3n, el presidente Andr\u00e9s Manuel L\u00f3pez Obrador se\u00f1ala que los ministros no est\u00e1n yendo al fondo del asunto, es decir, la corrupci\u00f3n.&nbsp;<\/p>\n\n\n\n<blockquote class=\"wp-block-quote is-layout-flow wp-block-quote-is-layout-flow\"><p>\u00abVi un rato lo del debate ayer en la Corte y es pura fundamentaci\u00f3n legal; no van al fondo\u00bb<\/p><\/blockquote>\n\n\n\n<p>Una de las cr\u00edticas constantes del jefe del Ejecutivo federal a la Reforma El\u00e9ctrica del pasado es que que se busc\u00f3 desaparecer a la Comisi\u00f3n Federal Electoral para fortalecer a empresas privadas, a las que se les prioriz\u00f3 en el despacho el\u00e9ctrico, desplazando a las plantas de la CFE. La apuesta central de esta ley es precisamente cambiar el despacho y uno de los puntos que est\u00e1n a discusi\u00f3n en la Corte.<\/p>\n\n\n\n<blockquote class=\"wp-block-quote is-layout-flow wp-block-quote-is-layout-flow\"><p>\u201cNo me vengan a m\u00ed con que la ley es la ley (&#8230;)\u00bfQu\u00e9 no saben los ministros, porque son seres de otro mundo, de que esa reforma se aprob\u00f3 con sobornos; y que hay un juicio en contra del director de Pemex, que ese se\u00f1or confes\u00f3 que hab\u00eda entregado dinero a los legisladores para que se aprobara esa reforma energ\u00e9tica? \u00bfEntonces eso no va a contar a la hora de decidir? \u00bfPuede m\u00e1s el poder de las empresas?\u201d<\/p><\/blockquote>\n\n\n\n<p>El mandatario federal se\u00f1al\u00f3 que con la determinaci\u00f3n de la constitucionalidad de la reforma el\u00e9ctrica, la SCJN demostrar\u00e1 si son abogados del bien p\u00fablico o abogados patronales.<\/p>\n\n\n\n<p>Adem\u00e1s, AMLO acus\u00f3 que hay cabilderos de Estados Unidos en M\u00e9xico, quienes buscan frenar la iniciativa de reforma el\u00e9ctrica que \u00e9l impulsa.<\/p>\n","protected":false},"excerpt":{"rendered":"<p>Luego de que este martes se llev\u00f3 a cabo la primera parte de la discusi\u00f3n sobre la Ley de la Industria El\u00e9ctrica (LIE) en la Suprema Corte de Justicia de &hellip; <a href=\"https:\/\/a3noticias.com.mx\/sandbox\/2022\/04\/06\/amlo-descalifica-a-scjn-por-discusion-sobre-la-reforma-electrica\/\" class=\"more-link\">Leer m\u00e1s<\/a><\/p>\n","protected":false},"author":2,"featured_media":17247,"comment_status":"open","ping_status":"open","sticky":false,"template":"","format":"standard","meta":{"_monsterinsights_skip_tracking":false,"_monsterinsights_sitenote_active":false,"_monsterinsights_sitenote_note":"","_monsterinsights_sitenote_category":0,"footnotes":""},"categories":[3],"tags":[],"class_list":["post-20002","post","type-post","status-publish","format-standard","has-post-thumbnail","hentry","category-nal","entry"],"aioseo_notices":[],"_links":{"self":[{"href":"https:\/\/a3noticias.com.mx\/sandbox\/wp-json\/wp\/v2\/posts\/20002","targetHints":{"allow":["GET"]}}],"collection":[{"href":"https:\/\/a3noticias.com.mx\/sandbox\/wp-json\/wp\/v2\/posts"}],"about":[{"href":"https:\/\/a3noticias.com.mx\/sandbox\/wp-json\/wp\/v2\/types\/post"}],"author":[{"embeddable":true,"href":"https:\/\/a3noticias.com.mx\/sandbox\/wp-json\/wp\/v2\/users\/2"}],"replies":[{"embeddable":true,"href":"https:\/\/a3noticias.com.mx\/sandbox\/wp-json\/wp\/v2\/comments?post=20002"}],"version-history":[{"count":1,"href":"https:\/\/a3noticias.com.mx\/sandbox\/wp-json\/wp\/v2\/posts\/20002\/revisions"}],"predecessor-version":[{"id":20003,"href":"https:\/\/a3noticias.com.mx\/sandbox\/wp-json\/wp\/v2\/posts\/20002\/revisions\/20003"}],"wp:featuredmedia":[{"embeddable":true,"href":"https:\/\/a3noticias.com.mx\/sandbox\/wp-json\/wp\/v2\/media\/17247"}],"wp:attachment":[{"href":"https:\/\/a3noticias.com.mx\/sandbox\/wp-json\/wp\/v2\/media?parent=20002"}],"wp:term":[{"taxonomy":"category","embeddable":true,"href":"https:\/\/a3noticias.com.mx\/sandbox\/wp-json\/wp\/v2\/categories?post=20002"},{"taxonomy":"post_tag","embeddable":true,"href":"https:\/\/a3noticias.com.mx\/sandbox\/wp-json\/wp\/v2\/tags?post=20002"}],"curies":[{"name":"wp","href":"https:\/\/api.w.org\/{rel}","templated":true}]}}