{"id":20013,"date":"2022-04-06T12:01:24","date_gmt":"2022-04-06T17:01:24","guid":{"rendered":"https:\/\/a3noticias.com.mx\/sandbox\/?p=20013"},"modified":"2022-04-06T12:01:25","modified_gmt":"2022-04-06T17:01:25","slug":"municipio-de-queretaro-apoyara-al-ine-en-jornada-por-consulta-de-revocacion-de-mandato","status":"publish","type":"post","link":"https:\/\/a3noticias.com.mx\/sandbox\/2022\/04\/06\/municipio-de-queretaro-apoyara-al-ine-en-jornada-por-consulta-de-revocacion-de-mandato\/","title":{"rendered":"Municipio de Quer\u00e9taro apoyar\u00e1 al INE en jornada por consulta de Revocaci\u00f3n de Mandato."},"content":{"rendered":"\n<p>Para llevar a cabo la jornada de revocaci\u00f3n de mandato el pr\u00f3ximo domingo 10 de abril, el municipio de Quer\u00e9taro ha otorgado al Instituto Nacional Electoral (INE) varios apoyos, as\u00ed lo se\u00f1al\u00f3 el subsecretario de Gobernaci\u00f3n del municipio de Quer\u00e9taro, Joaqu\u00edn Gonz\u00e1lez de Le\u00f3n.<\/p>\n\n\n\n<p>Apunt\u00f3 que se facilit\u00f3 el servicio de custodia durante el arribo de las boletas electorales a la ciudad de Quer\u00e9taro, esto a trav\u00e9s de la Secretar\u00eda de Seguridad P\u00fablica Municipal, asimismo vigilancia en las instalaciones destinadas por el INE para el resguardo de dicho material, servicio que fue asumido posteriormente por la Guardia Nacional.<\/p>\n\n\n\n<p>Gonz\u00e1lez de Le\u00f3n, precis\u00f3 que el organismo electoral solicit\u00f3 apoyo para la seguridad en el inicio, desarrollo y conclusi\u00f3n de la jornada del domingo en las casillas ubicadas en territorio municipal, as\u00ed como para la supervisi\u00f3n de vialidades en las inmediaciones de dichas casillas y en los consejos electorales.<\/p>\n\n\n\n<p>Asimismo, para la instalaci\u00f3n de casillas, se habilitaron y pusieron a disposici\u00f3n del INE distintos espacios que competen al municipio, como lo son centros de desarrollo comunitario, parques, canchas deportivas, explanadas y plazas p\u00fablicas.<\/p>\n","protected":false},"excerpt":{"rendered":"<p>Para llevar a cabo la jornada de revocaci\u00f3n de mandato el pr\u00f3ximo domingo 10 de abril, el municipio de Quer\u00e9taro ha otorgado al Instituto Nacional Electoral (INE) varios apoyos, as\u00ed &hellip; <a href=\"https:\/\/a3noticias.com.mx\/sandbox\/2022\/04\/06\/municipio-de-queretaro-apoyara-al-ine-en-jornada-por-consulta-de-revocacion-de-mandato\/\" class=\"more-link\">Leer m\u00e1s<\/a><\/p>\n","protected":false},"author":2,"featured_media":20014,"comment_status":"open","ping_status":"open","sticky":false,"template":"","format":"standard","meta":{"_monsterinsights_skip_tracking":false,"_monsterinsights_sitenote_active":false,"_monsterinsights_sitenote_note":"","_monsterinsights_sitenote_category":0,"footnotes":""},"categories":[2],"tags":[],"class_list":["post-20013","post","type-post","status-publish","format-standard","has-post-thumbnail","hentry","category-qro","entry"],"aioseo_notices":[],"_links":{"self":[{"href":"https:\/\/a3noticias.com.mx\/sandbox\/wp-json\/wp\/v2\/posts\/20013","targetHints":{"allow":["GET"]}}],"collection":[{"href":"https:\/\/a3noticias.com.mx\/sandbox\/wp-json\/wp\/v2\/posts"}],"about":[{"href":"https:\/\/a3noticias.com.mx\/sandbox\/wp-json\/wp\/v2\/types\/post"}],"author":[{"embeddable":true,"href":"https:\/\/a3noticias.com.mx\/sandbox\/wp-json\/wp\/v2\/users\/2"}],"replies":[{"embeddable":true,"href":"https:\/\/a3noticias.com.mx\/sandbox\/wp-json\/wp\/v2\/comments?post=20013"}],"version-history":[{"count":1,"href":"https:\/\/a3noticias.com.mx\/sandbox\/wp-json\/wp\/v2\/posts\/20013\/revisions"}],"predecessor-version":[{"id":20015,"href":"https:\/\/a3noticias.com.mx\/sandbox\/wp-json\/wp\/v2\/posts\/20013\/revisions\/20015"}],"wp:featuredmedia":[{"embeddable":true,"href":"https:\/\/a3noticias.com.mx\/sandbox\/wp-json\/wp\/v2\/media\/20014"}],"wp:attachment":[{"href":"https:\/\/a3noticias.com.mx\/sandbox\/wp-json\/wp\/v2\/media?parent=20013"}],"wp:term":[{"taxonomy":"category","embeddable":true,"href":"https:\/\/a3noticias.com.mx\/sandbox\/wp-json\/wp\/v2\/categories?post=20013"},{"taxonomy":"post_tag","embeddable":true,"href":"https:\/\/a3noticias.com.mx\/sandbox\/wp-json\/wp\/v2\/tags?post=20013"}],"curies":[{"name":"wp","href":"https:\/\/api.w.org\/{rel}","templated":true}]}}